{"id":2065,"date":"2020-10-06T15:04:08","date_gmt":"2020-10-06T15:04:08","guid":{"rendered":"https:\/\/tvc16.com\/portal\/?p=2065"},"modified":"2020-10-06T15:04:08","modified_gmt":"2020-10-06T15:04:08","slug":"onda-de-calor-continua-e-inmet-alerta-para-risco-de-morte","status":"publish","type":"post","link":"https:\/\/tvc16.com\/portal\/2020\/10\/06\/onda-de-calor-continua-e-inmet-alerta-para-risco-de-morte\/","title":{"rendered":"Onda de calor continua e Inmet alerta para risco de morte"},"content":{"rendered":"\n<p>Segundo o instituto o calor deve se estender at\u00e9 sexta-feira<\/p>\n\n\n\n<h4 class=\"wp-block-heading\">Por Luciano Nascimento &#8211; Rep\u00f3rter da Ag\u00eancia Brasil &#8211; Bras\u00edlia<\/h4>\n\n\n\n<p>O Instituto Nacional de Meteorologia (Inmet) emitiu alerta de &#8220;grande perigo&#8221; em raz\u00e3o de uma onda de calor em grande parte da Regi\u00e3o Centro-Oeste e no estado do Tocantins. De acordo com o Inmet, a onda de calor que vai at\u00e9 a sexta-feira (9), teve in\u00edcio pouco depois do meio-dia de ontem (5). O instituto disse que h\u00e1 risco de morte por hipertermia.<img decoding=\"async\" src=\"https:\/\/agenciabrasil.ebc.com.br\/ebc.png?id=1389889&amp;o=node\"><img decoding=\"async\" src=\"https:\/\/agenciabrasil.ebc.com.br\/ebc.gif?id=1389889&amp;o=node\"><\/p>\n\n\n\n<p>O instituto disse que que durante este per\u00edodo as temperaturas registrar\u00e3o 5\u00baC acima da m\u00e9dia na regi\u00e3o. O aviso registra alerta para as seguintes \u00e1reas: Distrito Federal, centro sul, nordeste, norte,&nbsp; sudeste e sudoeste mato-grossense, centro, leste, sul, norte e noroeste goiano, sudeste, sul e oeste tocantinense.<\/p>\n\n\n\n<p>Em caso de emerg\u00eancia, o Inmet recomenda que a popula\u00e7\u00e3o contate a Defesa Civil (telefone 199). Tamb\u00e9m deve ser aumentada ingest\u00e3o de l\u00edquidos, evitar a pr\u00e1tica de atividades f\u00edsicas ao ar livre entre as 10h e 17h&nbsp; e usar protetor solar.<\/p>\n\n\n\n<p>Edi\u00e7\u00e3o: Val\u00e9ria Aguiar<\/p>\n","protected":false},"excerpt":{"rendered":"<p>Segundo o instituto o calor deve se estender at\u00e9 sexta-feira Por Luciano Nascimento &#8211; Rep\u00f3rter<\/p>\n","protected":false},"author":2,"featured_media":2066,"comment_status":"open","ping_status":"open","sticky":false,"template":"","format":"standard","meta":{"footnotes":""},"categories":[17],"tags":[],"class_list":["post-2065","post","type-post","status-publish","format-standard","has-post-thumbnail","hentry","category-outras-noticias"],"_links":{"self":[{"href":"https:\/\/tvc16.com\/portal\/wp-json\/wp\/v2\/posts\/2065","targetHints":{"allow":["GET"]}}],"collection":[{"href":"https:\/\/tvc16.com\/portal\/wp-json\/wp\/v2\/posts"}],"about":[{"href":"https:\/\/tvc16.com\/portal\/wp-json\/wp\/v2\/types\/post"}],"author":[{"embeddable":true,"href":"https:\/\/tvc16.com\/portal\/wp-json\/wp\/v2\/users\/2"}],"replies":[{"embeddable":true,"href":"https:\/\/tvc16.com\/portal\/wp-json\/wp\/v2\/comments?post=2065"}],"version-history":[{"count":1,"href":"https:\/\/tvc16.com\/portal\/wp-json\/wp\/v2\/posts\/2065\/revisions"}],"predecessor-version":[{"id":2067,"href":"https:\/\/tvc16.com\/portal\/wp-json\/wp\/v2\/posts\/2065\/revisions\/2067"}],"wp:featuredmedia":[{"embeddable":true,"href":"https:\/\/tvc16.com\/portal\/wp-json\/wp\/v2\/media\/2066"}],"wp:attachment":[{"href":"https:\/\/tvc16.com\/portal\/wp-json\/wp\/v2\/media?parent=2065"}],"wp:term":[{"taxonomy":"category","embeddable":true,"href":"https:\/\/tvc16.com\/portal\/wp-json\/wp\/v2\/categories?post=2065"},{"taxonomy":"post_tag","embeddable":true,"href":"https:\/\/tvc16.com\/portal\/wp-json\/wp\/v2\/tags?post=2065"}],"curies":[{"name":"wp","href":"https:\/\/api.w.org\/{rel}","templated":true}]}}