{"id":2068,"date":"2020-10-06T15:05:17","date_gmt":"2020-10-06T15:05:17","guid":{"rendered":"https:\/\/tvc16.com\/portal\/?p=2068"},"modified":"2020-10-06T15:05:17","modified_gmt":"2020-10-06T15:05:17","slug":"aquecimento-dos-oceanos-pode-mudar-recifes-de-corais-mostra-estudo","status":"publish","type":"post","link":"https:\/\/tvc16.com\/portal\/2020\/10\/06\/aquecimento-dos-oceanos-pode-mudar-recifes-de-corais-mostra-estudo\/","title":{"rendered":"Aquecimento dos oceanos pode mudar recifes de corais, mostra estudo"},"content":{"rendered":"\n<p>Trabalho \u00e9 da Universidade Federal do Rio Grande do Norte<\/p>\n\n\n\n<h4 class=\"wp-block-heading\">Por Camila Boehm &#8211; Rep\u00f3rter da Ag\u00eancia Brasil &#8211; S\u00e3o Paulo<\/h4>\n\n\n\n<p>Pesquisa da Universidade Federal do Rio Grande do Norte (UFRN) prev\u00ea mudan\u00e7as na configura\u00e7\u00e3o dos recifes de corais e migra\u00e7\u00e3o de peixes do Caribe e do litoral brasileiro nas pr\u00f3ximas d\u00e9cadas devido ao aquecimento dos oceanos. A queda na quantidade de peixes que se alimentam de algas na regi\u00e3o tropical pode fazer com que os ecossistemas dos recifes percam a sua diversidade de esp\u00e9cies e tenham predomin\u00e2ncia de algas j\u00e1 em 2050.<img decoding=\"async\" src=\"https:\/\/agenciabrasil.ebc.com.br\/ebc.png?id=1389874&amp;o=node\"><img decoding=\"async\" src=\"https:\/\/agenciabrasil.ebc.com.br\/ebc.gif?id=1389874&amp;o=node\"><\/p>\n\n\n\n<p>O trabalho projetou as intera\u00e7\u00f5es tr\u00f3ficas &#8211; relativas \u00e0 alimenta\u00e7\u00e3o &#8211; dos peixes em rela\u00e7\u00e3o ao aumento da temperatura dos oceanos. Os resultados demonstraram que as intera\u00e7\u00f5es v\u00e3o diminuir e que em algumas regi\u00f5es haver\u00e1 deslocamento geogr\u00e1fico dessas intera\u00e7\u00f5es: aquelas que ocorriam, por exemplo, na regi\u00e3o tropical v\u00e3o migrar para a regi\u00e3o extratropical, conforme explicou Kelly Inagaki, pesquisadora do Laborat\u00f3rio de Ecologia Marinha da UFRN.<\/p>\n\n\n\n<p>\u201cA gente fez essas proje\u00e7\u00f5es desde a Carolina do Norte at\u00e9 Santa Catarina [ao longo do Atl\u00e2ntico Ocidental], ent\u00e3o pode-se dizer que os recifes de toda essa regi\u00e3o est\u00e3o amea\u00e7ados ou s\u00e3o propensos a mudar, de acordo com os nossos resultados\u201d, disse a pesquisadora.<\/p>\n\n\n\n<p>Ela ressaltou&nbsp;que registros de \u00f3rg\u00e3os como o Painel Intergovernamental sobre Mudan\u00e7as Clim\u00e1ticas (IPCC) e a Nasa, a ag\u00eancia espacial norte-americana, mostram que a temperatura m\u00e9dia dos oceanos tem aumentado ao longo dos anos. \u201cA\u00e7\u00f5es que reduzam a progress\u00e3o e o impacto das mudan\u00e7as clim\u00e1ticas s\u00e3o urgentes. Caso contr\u00e1rio, n\u00f3s estaremos assumindo o risco de perder os ambientes recifais e todos os seus benef\u00edcios\u201d, acrescentou.<\/p>\n\n\n\n<p>Os peixes recifais que potencialmente v\u00e3o migrar dos tr\u00f3picos s\u00e3o herb\u00edvoros e alimentam-se de algas majoritariamente, controlando a abund\u00e2ncia desses organismos nos recifes. Conforme afirmou&nbsp;a pesquisadora, com o aquecimento do oceano, esse controle ficaria prejudicado devido \u00e0 migra\u00e7\u00e3o dos peixes para regi\u00f5es fora dos tr\u00f3picos, em busca de temperaturas mais agrad\u00e1veis.<\/p>\n\n\n\n<p>Uma das possibilidades \u00e9 que os recifes de corais do Caribe, por exemplo, sejam transformados em recifes dominados por algas. \u201cOs peixes que est\u00e3o controlando essas algas, que est\u00e3o comendo essas algas, eles v\u00e3o diminuir. A gente vai&nbsp;ter&nbsp;um aumento dessas algas e a competi\u00e7\u00e3o com corais ou com outros organismos vai ficar mais forte e vai fazer com que as algas dominem esses ambientes\u201d. Ela explicou que as algas vivem junto com corais, mas, se eles competem por espa\u00e7o ou por algum outro recurso, normalmente as algas ganham a competi\u00e7\u00e3o.<\/p>\n\n\n\n<p>\u201cE um ambiente que passa a ser dominado por alga vai&nbsp;ter&nbsp;mudan\u00e7as em rela\u00e7\u00e3o a sedimentos, ent\u00e3o pode&nbsp;ter&nbsp;\u00e1gua mais turva, pode&nbsp;ter&nbsp;altera\u00e7\u00e3o de nutrientes, de PH ou mesmo dos organismos que est\u00e3o vivendo ali. Nem todo mundo gosta de viver com algas ou gosta de comer algas e, se esse ambiente est\u00e1 se tornando dominado por algas, esses peixes e outros organismos v\u00e3o buscar outros lugares para viver\u201d, disse.<\/p>\n\n\n\n<p>Com o impacto no ecossistema recifal, os benef\u00edcios que os recifes oferecem tamb\u00e9m s\u00e3o afetados, como a pesca, prote\u00e7\u00e3o da costa e o turismo. \u201cPor exemplo, no Nordeste, onde a gente tem uma atividade econ\u00f4mica bastante forte do turismo: se esses ambientes v\u00e3o mudar, talvez essa atividade de turismo n\u00e3o v\u00e1 ser t\u00e3o forte quanto \u00e9&nbsp;hoje&nbsp;em dia, e \u00e9 preciso pensar em alternativas para isso ou se preparar para o caso de essas mudan\u00e7as acontecerem\u201d, observou Kelly.<\/p>\n\n\n\n<p>Segundo a pesquisadora, essas situa\u00e7\u00f5es \u2013 como a observada na pesquisa \u2013 s\u00e3o resultados da viv\u00eancia, da conviv\u00eancia e de exist\u00eancia humana. \u201cSe quisermos mudar alguma coisa, temos que repensar o modo como vivemos. Temos usado recursos naturais de maneira incessante, sem dar tempo de a natureza se reorganizar em rela\u00e7\u00e3o a isso\u201d. Ela citou a rela\u00e7\u00e3o da sociedade com a produ\u00e7\u00e3o de g\u00e1s carb\u00f4nico, produ\u00e7\u00e3o e consumo de alimentos, polui\u00e7\u00e3o e produ\u00e7\u00e3o de energia como elementos a serem repensados.<\/p>\n\n\n\n<p>Edi\u00e7\u00e3o: Gra\u00e7a Adjuto<\/p>\n","protected":false},"excerpt":{"rendered":"<p>Trabalho \u00e9 da Universidade Federal do Rio Grande do Norte Por Camila Boehm &#8211; Rep\u00f3rter<\/p>\n","protected":false},"author":2,"featured_media":2069,"comment_status":"open","ping_status":"open","sticky":false,"template":"","format":"standard","meta":{"footnotes":""},"categories":[14],"tags":[],"class_list":["post-2068","post","type-post","status-publish","format-standard","has-post-thumbnail","hentry","category-pais"],"_links":{"self":[{"href":"https:\/\/tvc16.com\/portal\/wp-json\/wp\/v2\/posts\/2068","targetHints":{"allow":["GET"]}}],"collection":[{"href":"https:\/\/tvc16.com\/portal\/wp-json\/wp\/v2\/posts"}],"about":[{"href":"https:\/\/tvc16.com\/portal\/wp-json\/wp\/v2\/types\/post"}],"author":[{"embeddable":true,"href":"https:\/\/tvc16.com\/portal\/wp-json\/wp\/v2\/users\/2"}],"replies":[{"embeddable":true,"href":"https:\/\/tvc16.com\/portal\/wp-json\/wp\/v2\/comments?post=2068"}],"version-history":[{"count":1,"href":"https:\/\/tvc16.com\/portal\/wp-json\/wp\/v2\/posts\/2068\/revisions"}],"predecessor-version":[{"id":2070,"href":"https:\/\/tvc16.com\/portal\/wp-json\/wp\/v2\/posts\/2068\/revisions\/2070"}],"wp:featuredmedia":[{"embeddable":true,"href":"https:\/\/tvc16.com\/portal\/wp-json\/wp\/v2\/media\/2069"}],"wp:attachment":[{"href":"https:\/\/tvc16.com\/portal\/wp-json\/wp\/v2\/media?parent=2068"}],"wp:term":[{"taxonomy":"category","embeddable":true,"href":"https:\/\/tvc16.com\/portal\/wp-json\/wp\/v2\/categories?post=2068"},{"taxonomy":"post_tag","embeddable":true,"href":"https:\/\/tvc16.com\/portal\/wp-json\/wp\/v2\/tags?post=2068"}],"curies":[{"name":"wp","href":"https:\/\/api.w.org\/{rel}","templated":true}]}}