{"id":2071,"date":"2020-10-06T15:06:23","date_gmt":"2020-10-06T15:06:23","guid":{"rendered":"https:\/\/tvc16.com\/portal\/?p=2071"},"modified":"2020-10-06T15:06:23","modified_gmt":"2020-10-06T15:06:23","slug":"porta-voz-e-funcionarios-da-casa-branca-sao-diagnosticados-com-covid","status":"publish","type":"post","link":"https:\/\/tvc16.com\/portal\/2020\/10\/06\/porta-voz-e-funcionarios-da-casa-branca-sao-diagnosticados-com-covid\/","title":{"rendered":"Porta-voz e funcion\u00e1rios da Casa Branca s\u00e3o diagnosticados com covid"},"content":{"rendered":"\n<p>A porta-voz Kayleigh McEnany confirmou que est\u00e1 com a doen\u00e7a<\/p>\n\n\n\n<h4 class=\"wp-block-heading\">Por Lisa Lambert, Timothy Ahmann e Susan Heavey &#8211; Rep\u00f3rteres da Reuters &#8211; Washington<\/h4>\n\n\n\n<p>A porta-voz da Casa Branca, Kayleigh McEnany, disse nessa&nbsp;segunda-feira (5) que foi diagnosticada com covid-19, e v\u00e1rios ve\u00edculos da m\u00eddia norte-americana noticiaram a confirma\u00e7\u00e3o de que outros funcion\u00e1rios da Casa Branca tamb\u00e9m foram infectados pelo novo coronav\u00edrus.<img decoding=\"async\" src=\"https:\/\/agenciabrasil.ebc.com.br\/ebc.png?id=1389873&amp;o=node\"><img decoding=\"async\" src=\"https:\/\/agenciabrasil.ebc.com.br\/ebc.gif?id=1389873&amp;o=node\"><\/p>\n\n\n\n<p>Em comunicado na semana passada, divulgado dias depois de o presidente Donald Trump anunciar que est\u00e1 com covid-19, McEnany disse que come\u00e7aria uma quarentena e que a unidade m\u00e9dica da Casa Branca n\u00e3o lista nenhum membro da imprensa como um contato pr\u00f3ximo.<\/p>\n\n\n\n<p>&#8220;Al\u00e9m disso, eu com certeza n\u00e3o tinha conhecimento do diagn\u00f3stico de Hope Hicks antes de realizar uma entrevista coletiva na Casa Branca na&nbsp;quinta-feira&#8221;, disse McEnany. Ela se referiu \u00e0 conselheira de Trump, cujo exame positivo foi revelado na noite de&nbsp;quinta, horas antes de o presidente anunciar que ele e a esposa contra\u00edram o novo coronav\u00edrus.<\/p>\n\n\n\n<p>A ABC News, CNN e Bloomberg News noticiaram separadamente que Chad Gilmartin, que trabalha na assessoria de imprensa da Casa Branca, tamb\u00e9m foi diagnosticado com a doen\u00e7a altamente contagiosa no fim de semana. A Bloomberg News ainda relatou que Karoline Leavitt, assessora de Comunica\u00e7\u00f5es da Casa Branca, e outros funcion\u00e1rios de m\u00e9dio escal\u00e3o tiveram resultados positivos para a covid-19.<\/p>\n\n\n\n<p>Em nota, a Associa\u00e7\u00e3o de Correspondentes da Casa Branca expressou solidariedade a McEnany e disse n\u00e3o estar ciente de nenhum caso adicional entre jornalistas, depois que tr\u00eas rep\u00f3rteres foram diagnosticados na semana passada, mas alguns exames ainda est\u00e3o pendentes.<\/p>\n","protected":false},"excerpt":{"rendered":"<p>A porta-voz Kayleigh McEnany confirmou que est\u00e1 com a doen\u00e7a Por Lisa Lambert, Timothy Ahmann<\/p>\n","protected":false},"author":2,"featured_media":2072,"comment_status":"open","ping_status":"open","sticky":false,"template":"","format":"standard","meta":{"footnotes":""},"categories":[22],"tags":[],"class_list":["post-2071","post","type-post","status-publish","format-standard","has-post-thumbnail","hentry","category-internacional"],"_links":{"self":[{"href":"https:\/\/tvc16.com\/portal\/wp-json\/wp\/v2\/posts\/2071","targetHints":{"allow":["GET"]}}],"collection":[{"href":"https:\/\/tvc16.com\/portal\/wp-json\/wp\/v2\/posts"}],"about":[{"href":"https:\/\/tvc16.com\/portal\/wp-json\/wp\/v2\/types\/post"}],"author":[{"embeddable":true,"href":"https:\/\/tvc16.com\/portal\/wp-json\/wp\/v2\/users\/2"}],"replies":[{"embeddable":true,"href":"https:\/\/tvc16.com\/portal\/wp-json\/wp\/v2\/comments?post=2071"}],"version-history":[{"count":1,"href":"https:\/\/tvc16.com\/portal\/wp-json\/wp\/v2\/posts\/2071\/revisions"}],"predecessor-version":[{"id":2073,"href":"https:\/\/tvc16.com\/portal\/wp-json\/wp\/v2\/posts\/2071\/revisions\/2073"}],"wp:featuredmedia":[{"embeddable":true,"href":"https:\/\/tvc16.com\/portal\/wp-json\/wp\/v2\/media\/2072"}],"wp:attachment":[{"href":"https:\/\/tvc16.com\/portal\/wp-json\/wp\/v2\/media?parent=2071"}],"wp:term":[{"taxonomy":"category","embeddable":true,"href":"https:\/\/tvc16.com\/portal\/wp-json\/wp\/v2\/categories?post=2071"},{"taxonomy":"post_tag","embeddable":true,"href":"https:\/\/tvc16.com\/portal\/wp-json\/wp\/v2\/tags?post=2071"}],"curies":[{"name":"wp","href":"https:\/\/api.w.org\/{rel}","templated":true}]}}