{"id":2077,"date":"2020-10-06T15:12:58","date_gmt":"2020-10-06T15:12:58","guid":{"rendered":"https:\/\/tvc16.com\/portal\/?p=2077"},"modified":"2020-10-06T15:12:58","modified_gmt":"2020-10-06T15:12:58","slug":"senado-vota-hoje-incentivo-para-empresas-automotivas-do-norte-nordeste-e-centro-oeste","status":"publish","type":"post","link":"https:\/\/tvc16.com\/portal\/2020\/10\/06\/senado-vota-hoje-incentivo-para-empresas-automotivas-do-norte-nordeste-e-centro-oeste\/","title":{"rendered":"Senado vota hoje incentivo para empresas automotivas do Norte, Nordeste e Centro-Oeste"},"content":{"rendered":"\n<p>O Senado se re\u00fane nesta ter\u00e7a-feira (6), a partir das 16h, em sess\u00e3o deliberativa remota, para apreciar a Medida Provis\u00f3ria (MP) <a href=\"http:\/\/www.congressonacional.leg.br\/materias\/medidas-provisorias\/-\/mpv\/143156\">987\/2020<\/a>. Essa MP prorrogou o prazo para que empresas automotivas instaladas nas regi\u00f5es Norte, Nordeste e Centro-Oeste apresentem projetos de novos produtos e, assim, possam ser beneficiadas com cr\u00e9dito presumido do Imposto sobre Produtos Industrializados (IPI). O relator dessa mat\u00e9ria no Senado \u00e9 Luiz do Carmo (MDB- GO).<\/p>\n\n\n\n<p>A C\u00e2mara dos Deputados j\u00e1 aprovou esse texto, mas com modifica\u00e7\u00f5es. Originalmente, a prorroga\u00e7\u00e3o iria at\u00e9 31 de agosto; com as altera\u00e7\u00f5es, o prazo foi estendido at\u00e9 31 de outubro. Por causa dessas mudan\u00e7as, a mat\u00e9ria passou a tramitar como <a href=\"http:\/\/www12.senado.leg.br\/noticias\/glossario-legislativo\/projeto-de-lei-de-conversao-plv\" target=\"_blank\" rel=\"noreferrer noopener\">projeto de lei de convers\u00e3o<\/a>: PLV 40\/2020.<\/p>\n\n\n\n<p>O cr\u00e9dito previsto na proposta poder\u00e1 ser utilizado para descontar o valor a pagar a t\u00edtulo de Programa de Integra\u00e7\u00e3o Social (PIS) e Contribui\u00e7\u00e3o para o Financiamento da Seguridade Social (Cofins) em vendas realizadas entre 1\u00ba de janeiro de 2021 e 31 de dezembro de 2025. Durante esse per\u00edodo, as empresas precisam respeitar patamares m\u00ednimos de investimentos em inova\u00e7\u00e3o tecnol\u00f3gica, desenvolvimento e pesquisa.<\/p>\n\n\n\n<p>Essa mat\u00e9ria \u00e9, por enquanto, o \u00fanico item da pauta de vota\u00e7\u00f5es do Senado para esta ter\u00e7a.<\/p>\n\n\n\n<p>Fonte: Ag\u00eancia Senado<\/p>\n","protected":false},"excerpt":{"rendered":"<p>O Senado se re\u00fane nesta ter\u00e7a-feira (6), a partir das 16h, em sess\u00e3o deliberativa remota,<\/p>\n","protected":false},"author":2,"featured_media":2078,"comment_status":"open","ping_status":"open","sticky":false,"template":"","format":"standard","meta":{"footnotes":""},"categories":[18],"tags":[],"class_list":["post-2077","post","type-post","status-publish","format-standard","has-post-thumbnail","hentry","category-economia"],"_links":{"self":[{"href":"https:\/\/tvc16.com\/portal\/wp-json\/wp\/v2\/posts\/2077","targetHints":{"allow":["GET"]}}],"collection":[{"href":"https:\/\/tvc16.com\/portal\/wp-json\/wp\/v2\/posts"}],"about":[{"href":"https:\/\/tvc16.com\/portal\/wp-json\/wp\/v2\/types\/post"}],"author":[{"embeddable":true,"href":"https:\/\/tvc16.com\/portal\/wp-json\/wp\/v2\/users\/2"}],"replies":[{"embeddable":true,"href":"https:\/\/tvc16.com\/portal\/wp-json\/wp\/v2\/comments?post=2077"}],"version-history":[{"count":1,"href":"https:\/\/tvc16.com\/portal\/wp-json\/wp\/v2\/posts\/2077\/revisions"}],"predecessor-version":[{"id":2079,"href":"https:\/\/tvc16.com\/portal\/wp-json\/wp\/v2\/posts\/2077\/revisions\/2079"}],"wp:featuredmedia":[{"embeddable":true,"href":"https:\/\/tvc16.com\/portal\/wp-json\/wp\/v2\/media\/2078"}],"wp:attachment":[{"href":"https:\/\/tvc16.com\/portal\/wp-json\/wp\/v2\/media?parent=2077"}],"wp:term":[{"taxonomy":"category","embeddable":true,"href":"https:\/\/tvc16.com\/portal\/wp-json\/wp\/v2\/categories?post=2077"},{"taxonomy":"post_tag","embeddable":true,"href":"https:\/\/tvc16.com\/portal\/wp-json\/wp\/v2\/tags?post=2077"}],"curies":[{"name":"wp","href":"https:\/\/api.w.org\/{rel}","templated":true}]}}