{"id":2086,"date":"2020-10-06T15:23:29","date_gmt":"2020-10-06T15:23:29","guid":{"rendered":"https:\/\/tvc16.com\/portal\/?p=2086"},"modified":"2020-10-06T15:23:29","modified_gmt":"2020-10-06T15:23:29","slug":"aulas-presenciais-devem-voltar-em-oito-estados","status":"publish","type":"post","link":"https:\/\/tvc16.com\/portal\/2020\/10\/06\/aulas-presenciais-devem-voltar-em-oito-estados\/","title":{"rendered":"Aulas presenciais devem voltar em oito estados"},"content":{"rendered":"\n<p>As aulas presenciais podem voltar em oito estados do pa\u00eds a partir desta semana, ap\u00f3s fechamento das escolas por causa da pandemia do Covid-19.<\/p>\n\n\n\n<p>No Par\u00e1 e no Rio Grande do Sul, as aulas presenciais voltaram nesta segunda-feira (5). Amanh\u00e3, \u00e9 a vez da retomada para o ensino m\u00e9dio de Pernambuco. Na quarta-feira (7), reabrem as escolas do estado de S\u00e3o Paulo. \u00a0No Esp\u00edrito Santo e em Santa Catarina, o retorno est\u00e1 previsto para 13 de outubro. Em Minas Gerais e no Piau\u00ed, as aulas voltam no dia 19.<\/p>\n\n\n\n<p>O Amazonas foi o primeiro estado a reabrir as escolas estaduais, ainda em 10 de agosto. Acre, Distrito Federal e Rio Grande do Norte n\u00e3o devem retornar este ano. As demais unidades da federa\u00e7\u00e3o seguem sem previs\u00e3o de volta.&nbsp;<\/p>\n\n\n\n<p>Na maior parte dos estados, a volta \u00e0s atividades presenciais deve ocorrer de forma parcial, isto \u00e9, apenas para algumas s\u00e9ries, ou em revezamento dos alunos por dias da semana.&nbsp;<\/p>\n\n\n\n<p>Fonte: <a href=\"https:\/\/brasil61.com\/noticias\/aulas-presenciais-devem-voltar-em-oito-estados-bras202111\" target=\"_blank\" rel=\"noreferrer noopener\">Brasil 61<\/a><\/p>\n","protected":false},"excerpt":{"rendered":"<p>As aulas presenciais podem voltar em oito estados do pa\u00eds a partir desta semana, ap\u00f3s<\/p>\n","protected":false},"author":2,"featured_media":2087,"comment_status":"open","ping_status":"open","sticky":false,"template":"","format":"standard","meta":{"footnotes":""},"categories":[19],"tags":[],"class_list":["post-2086","post","type-post","status-publish","format-standard","has-post-thumbnail","hentry","category-educacao"],"_links":{"self":[{"href":"https:\/\/tvc16.com\/portal\/wp-json\/wp\/v2\/posts\/2086","targetHints":{"allow":["GET"]}}],"collection":[{"href":"https:\/\/tvc16.com\/portal\/wp-json\/wp\/v2\/posts"}],"about":[{"href":"https:\/\/tvc16.com\/portal\/wp-json\/wp\/v2\/types\/post"}],"author":[{"embeddable":true,"href":"https:\/\/tvc16.com\/portal\/wp-json\/wp\/v2\/users\/2"}],"replies":[{"embeddable":true,"href":"https:\/\/tvc16.com\/portal\/wp-json\/wp\/v2\/comments?post=2086"}],"version-history":[{"count":1,"href":"https:\/\/tvc16.com\/portal\/wp-json\/wp\/v2\/posts\/2086\/revisions"}],"predecessor-version":[{"id":2088,"href":"https:\/\/tvc16.com\/portal\/wp-json\/wp\/v2\/posts\/2086\/revisions\/2088"}],"wp:featuredmedia":[{"embeddable":true,"href":"https:\/\/tvc16.com\/portal\/wp-json\/wp\/v2\/media\/2087"}],"wp:attachment":[{"href":"https:\/\/tvc16.com\/portal\/wp-json\/wp\/v2\/media?parent=2086"}],"wp:term":[{"taxonomy":"category","embeddable":true,"href":"https:\/\/tvc16.com\/portal\/wp-json\/wp\/v2\/categories?post=2086"},{"taxonomy":"post_tag","embeddable":true,"href":"https:\/\/tvc16.com\/portal\/wp-json\/wp\/v2\/tags?post=2086"}],"curies":[{"name":"wp","href":"https:\/\/api.w.org\/{rel}","templated":true}]}}