{"id":2108,"date":"2020-10-07T11:43:12","date_gmt":"2020-10-07T11:43:12","guid":{"rendered":"https:\/\/tvc16.com\/portal\/?p=2108"},"modified":"2020-10-07T11:43:12","modified_gmt":"2020-10-07T11:43:12","slug":"mais-seis-pessoas-morrem-por-covid-19-em-petropolis","status":"publish","type":"post","link":"https:\/\/tvc16.com\/portal\/2020\/10\/07\/mais-seis-pessoas-morrem-por-covid-19-em-petropolis\/","title":{"rendered":"Mais seis pessoas morrem por Covid-19 em Petr\u00f3polis"},"content":{"rendered":"\n<p>A Secretaria Municipal de Sa\u00fade notificou mais seis mortes de moradores em decorr\u00eancia da covid-19 em Petr\u00f3polis. A cidade chegou nesta ter\u00e7a-feira (06), a 242 \u00f3bitos provocados pela doen\u00e7a. De acordo com o boletim epidemiol\u00f3gico, em \u00faltimas 24 horas foram confirmados tamb\u00e9m mais oito casos de coronav\u00edrus no munic\u00edpio, totalizando 7.106 infectados desde o in\u00edcio da pandemia.<\/p>\n\n\n\n<p>A v\u00edtimas fatais s\u00e3o quatro homens e duas mulheres, com idades entre 57 e 86 anos. Os pacientes estavam internados em unidades hospitalares de Petr\u00f3polis. S\u00e3o eles:<\/p>\n\n\n\n<p><strong>\u2013 Homem, de 78 anos, morador do bairro Castrioto. Ele foi internado no s\u00e1bado (03) no Hospital Municipal Nelson de S\u00e1 Earp (HMNSE) e faleceu no dia seguinte. Paciente com asma.<\/strong><\/p>\n\n\n\n<p><strong>\u2013 Mulher, de 78 anos, moradora de Cascatinha. Internada no dia 10 de setembro no Hospital Cl\u00ednico de Corr\u00eaas (HCC), ela faleceu na sexta-feira (02). Paciente com hipertens\u00e3o arterial e doen\u00e7a arterial coronariana.<\/strong><\/p>\n\n\n\n<p><strong>\u2013 Mulher, de 69 anos, moradora do Centro. Ela foi internada no dia 20 de setembro no Hospital Nossa Senhora Aparecida (HNSA) e faleceu na segunda-feira (05). Paciente sem comorbidades.<\/strong><\/p>\n\n\n\n<p><strong>\u2013 Homem, de 86 anos, morador de Itaipava. Internado no dia 28 de setembro no Hospital Municipal Nelson de S\u00e1 Earp (HMNSE), ele morreu no s\u00e1bado (03). Paciente com hipertens\u00e3o arterial.<\/strong><\/p>\n\n\n\n<p><strong>\u2013 Homem, de 68 anos, morador do Meio da Serra. Ele foi internado no dia 30 de setembro e faleceu nos s\u00e1bado (03) no Hospital Alcides Carneiro (HAC). Paciente com neoplasia da bexiga e hipertens\u00e3o arterial.<\/strong><\/p>\n\n\n\n<p><strong>\u2013 Homem, de 57 anos, morador do Alcobacinha. Internado no dia 26 de setembro no Hospital Nossa Senhora Aparecida (HNSA), ele faleceu na sexta-feira (02). Paciente com hipertens\u00e3o arterial e dislipidemia.<\/strong><\/p>\n\n\n\n<p>Segundo os dados da sa\u00fade, at\u00e9 o momento foram realizados 64.500 testes na cidade. Desses, 56.886 resultaram negativos, 7.106 positivos e 508 est\u00e3o em an\u00e1lise, entre PCR e testes r\u00e1pidos. H\u00e1 48 pacientes internados na cidade, podendo ser casos positivos ou em investiga\u00e7\u00e3o esperando o resultado do teste.<\/p>\n\n\n\n<p>Petr\u00f3polis contabiliza, ainda, 5.043 pessoas recuperadas do coronav\u00edrus. Esse n\u00famero se refere \u00e0s pessoas que estiveram internadas nas unidades hospitalares da cidade ou que se mantiveram em isolamento domiciliar e que, hoje, n\u00e3o apresentam mais os principais sintomas da doen\u00e7a.<\/p>\n\n\n\n<p>Nesta ter\u00e7a, o munic\u00edpio contabiliza pelo SUS 18,52% dos leitos cl\u00ednicos e 18,18% de UTI ocupados com pacientes infectados com coronav\u00edrus.<\/p>\n","protected":false},"excerpt":{"rendered":"<p>A Secretaria Municipal de Sa\u00fade notificou mais seis mortes de moradores em decorr\u00eancia da covid-19<\/p>\n","protected":false},"author":2,"featured_media":2109,"comment_status":"open","ping_status":"open","sticky":false,"template":"","format":"standard","meta":{"footnotes":""},"categories":[12],"tags":[],"class_list":["post-2108","post","type-post","status-publish","format-standard","has-post-thumbnail","hentry","category-cidade"],"_links":{"self":[{"href":"https:\/\/tvc16.com\/portal\/wp-json\/wp\/v2\/posts\/2108","targetHints":{"allow":["GET"]}}],"collection":[{"href":"https:\/\/tvc16.com\/portal\/wp-json\/wp\/v2\/posts"}],"about":[{"href":"https:\/\/tvc16.com\/portal\/wp-json\/wp\/v2\/types\/post"}],"author":[{"embeddable":true,"href":"https:\/\/tvc16.com\/portal\/wp-json\/wp\/v2\/users\/2"}],"replies":[{"embeddable":true,"href":"https:\/\/tvc16.com\/portal\/wp-json\/wp\/v2\/comments?post=2108"}],"version-history":[{"count":1,"href":"https:\/\/tvc16.com\/portal\/wp-json\/wp\/v2\/posts\/2108\/revisions"}],"predecessor-version":[{"id":2110,"href":"https:\/\/tvc16.com\/portal\/wp-json\/wp\/v2\/posts\/2108\/revisions\/2110"}],"wp:featuredmedia":[{"embeddable":true,"href":"https:\/\/tvc16.com\/portal\/wp-json\/wp\/v2\/media\/2109"}],"wp:attachment":[{"href":"https:\/\/tvc16.com\/portal\/wp-json\/wp\/v2\/media?parent=2108"}],"wp:term":[{"taxonomy":"category","embeddable":true,"href":"https:\/\/tvc16.com\/portal\/wp-json\/wp\/v2\/categories?post=2108"},{"taxonomy":"post_tag","embeddable":true,"href":"https:\/\/tvc16.com\/portal\/wp-json\/wp\/v2\/tags?post=2108"}],"curies":[{"name":"wp","href":"https:\/\/api.w.org\/{rel}","templated":true}]}}