{"id":2111,"date":"2020-10-07T11:45:35","date_gmt":"2020-10-07T11:45:35","guid":{"rendered":"https:\/\/tvc16.com\/portal\/?p=2111"},"modified":"2020-10-07T11:45:35","modified_gmt":"2020-10-07T11:45:35","slug":"corpo-de-jovem-baleado-em-cabo-frio-e-enterrado","status":"publish","type":"post","link":"https:\/\/tvc16.com\/portal\/2020\/10\/07\/corpo-de-jovem-baleado-em-cabo-frio-e-enterrado\/","title":{"rendered":"Corpo de jovem baleado em Cabo Frio \u00e9 enterrado"},"content":{"rendered":"\n<p>O corpo de Carlos Manoel da Paz Farroco, de 24 anos, foi sepultado na ter\u00e7a-feira (06), no Cemit\u00e9rio Municipal, no Centro. O jovem foi baleado diversas vezes, em Cabo Frio, durante um assalto, no dia 23 de agosto, quando estava com a namorada e familiares na praia do Per\u00f3.<\/p>\n\n\n\n<p>Ele foi internado em estado grave no Hospital S\u00e3o Jos\u00e9 Oper\u00e1rio (HSJO) e, posteriormente, transferido para o Hospital Estadual Roberto Chabo (HERC), em Araruama, onde morreu no \u00faltimo domingo (04) ap\u00f3s sofrer um choque s\u00e9ptico.<\/p>\n\n\n\n<p>Foto: Divulga\u00e7\u00e3o<\/p>\n","protected":false},"excerpt":{"rendered":"<p>O corpo de Carlos Manoel da Paz Farroco, de 24 anos, foi sepultado na ter\u00e7a-feira<\/p>\n","protected":false},"author":2,"featured_media":2112,"comment_status":"open","ping_status":"open","sticky":false,"template":"","format":"standard","meta":{"footnotes":""},"categories":[12],"tags":[],"class_list":["post-2111","post","type-post","status-publish","format-standard","has-post-thumbnail","hentry","category-cidade"],"_links":{"self":[{"href":"https:\/\/tvc16.com\/portal\/wp-json\/wp\/v2\/posts\/2111","targetHints":{"allow":["GET"]}}],"collection":[{"href":"https:\/\/tvc16.com\/portal\/wp-json\/wp\/v2\/posts"}],"about":[{"href":"https:\/\/tvc16.com\/portal\/wp-json\/wp\/v2\/types\/post"}],"author":[{"embeddable":true,"href":"https:\/\/tvc16.com\/portal\/wp-json\/wp\/v2\/users\/2"}],"replies":[{"embeddable":true,"href":"https:\/\/tvc16.com\/portal\/wp-json\/wp\/v2\/comments?post=2111"}],"version-history":[{"count":1,"href":"https:\/\/tvc16.com\/portal\/wp-json\/wp\/v2\/posts\/2111\/revisions"}],"predecessor-version":[{"id":2113,"href":"https:\/\/tvc16.com\/portal\/wp-json\/wp\/v2\/posts\/2111\/revisions\/2113"}],"wp:featuredmedia":[{"embeddable":true,"href":"https:\/\/tvc16.com\/portal\/wp-json\/wp\/v2\/media\/2112"}],"wp:attachment":[{"href":"https:\/\/tvc16.com\/portal\/wp-json\/wp\/v2\/media?parent=2111"}],"wp:term":[{"taxonomy":"category","embeddable":true,"href":"https:\/\/tvc16.com\/portal\/wp-json\/wp\/v2\/categories?post=2111"},{"taxonomy":"post_tag","embeddable":true,"href":"https:\/\/tvc16.com\/portal\/wp-json\/wp\/v2\/tags?post=2111"}],"curies":[{"name":"wp","href":"https:\/\/api.w.org\/{rel}","templated":true}]}}