{"id":2114,"date":"2020-10-07T11:46:53","date_gmt":"2020-10-07T11:46:53","guid":{"rendered":"https:\/\/tvc16.com\/portal\/?p=2114"},"modified":"2020-10-07T11:46:53","modified_gmt":"2020-10-07T11:46:53","slug":"comando-de-corpo-de-bombeiros-sofre-mudanca","status":"publish","type":"post","link":"https:\/\/tvc16.com\/portal\/2020\/10\/07\/comando-de-corpo-de-bombeiros-sofre-mudanca\/","title":{"rendered":"Comando de Corpo de Bombeiros sofre mudan\u00e7a"},"content":{"rendered":"\n<p>Nesta ter\u00e7a-feira (06) ocorreu a troca de comando do 15\u00ba Grupamento do Corpo de Bombeiros de Petr\u00f3polis. A unidade passou a ser conduzida pelo tenente coronel Luiz Diogo &#8211; em substitui\u00e7\u00e3o ao tenente coronel Gil Kempers, que esteve \u00e0 frente da unidade por quase\u00a0 um ano meio &#8211;\u00a0 e do Comando de \u00c1rea da Regi\u00e3o Serrana (CBA II), que passa a ter a frente o coronel Ramon Camilo. <\/p>\n\n\n\n<p>At\u00e9 ent\u00e3o o CBA II\u00a0 tinha a frente o coronel Rafael Sim\u00e3o, que deixa o cargo depois de quatro anos e n\u00e3o assumir\u00e1 no momento outra fun\u00e7\u00e3o.\u00a0A troca de comandos em Petr\u00f3polis aconteceu ap\u00f3s a entrada do novo secret\u00e1rio de Defesa Civil e Comandante Geral do Corpo de Bombeiros, coronel Leandro Sampaio Montenegro, que substituiu o coronel Roberto Robadey.<\/p>\n","protected":false},"excerpt":{"rendered":"<p>Nesta ter\u00e7a-feira (06) ocorreu a troca de comando do 15\u00ba Grupamento do Corpo de Bombeiros<\/p>\n","protected":false},"author":2,"featured_media":2115,"comment_status":"open","ping_status":"open","sticky":false,"template":"","format":"standard","meta":{"footnotes":""},"categories":[12],"tags":[],"class_list":["post-2114","post","type-post","status-publish","format-standard","has-post-thumbnail","hentry","category-cidade"],"_links":{"self":[{"href":"https:\/\/tvc16.com\/portal\/wp-json\/wp\/v2\/posts\/2114","targetHints":{"allow":["GET"]}}],"collection":[{"href":"https:\/\/tvc16.com\/portal\/wp-json\/wp\/v2\/posts"}],"about":[{"href":"https:\/\/tvc16.com\/portal\/wp-json\/wp\/v2\/types\/post"}],"author":[{"embeddable":true,"href":"https:\/\/tvc16.com\/portal\/wp-json\/wp\/v2\/users\/2"}],"replies":[{"embeddable":true,"href":"https:\/\/tvc16.com\/portal\/wp-json\/wp\/v2\/comments?post=2114"}],"version-history":[{"count":1,"href":"https:\/\/tvc16.com\/portal\/wp-json\/wp\/v2\/posts\/2114\/revisions"}],"predecessor-version":[{"id":2116,"href":"https:\/\/tvc16.com\/portal\/wp-json\/wp\/v2\/posts\/2114\/revisions\/2116"}],"wp:featuredmedia":[{"embeddable":true,"href":"https:\/\/tvc16.com\/portal\/wp-json\/wp\/v2\/media\/2115"}],"wp:attachment":[{"href":"https:\/\/tvc16.com\/portal\/wp-json\/wp\/v2\/media?parent=2114"}],"wp:term":[{"taxonomy":"category","embeddable":true,"href":"https:\/\/tvc16.com\/portal\/wp-json\/wp\/v2\/categories?post=2114"},{"taxonomy":"post_tag","embeddable":true,"href":"https:\/\/tvc16.com\/portal\/wp-json\/wp\/v2\/tags?post=2114"}],"curies":[{"name":"wp","href":"https:\/\/api.w.org\/{rel}","templated":true}]}}