{"id":2130,"date":"2020-10-07T15:35:56","date_gmt":"2020-10-07T15:35:56","guid":{"rendered":"https:\/\/tvc16.com\/portal\/?p=2130"},"modified":"2020-10-07T15:35:56","modified_gmt":"2020-10-07T15:35:56","slug":"governo-lanca-campanha-para-deteccao-precoce-do-cancer-de-mama","status":"publish","type":"post","link":"https:\/\/tvc16.com\/portal\/2020\/10\/07\/governo-lanca-campanha-para-deteccao-precoce-do-cancer-de-mama\/","title":{"rendered":"Governo lan\u00e7a campanha para detec\u00e7\u00e3o precoce do c\u00e2ncer de mama"},"content":{"rendered":"\n<p>Cerim\u00f4nia online marca lan\u00e7amento do Outubro Rosa 2020<\/p>\n\n\n\n<h4 class=\"wp-block-heading\">Por Ag\u00eancia Brasil &#8211; Bras\u00edlia<\/h4>\n\n\n\n<p>O Minist\u00e9rio da Sa\u00fade lan\u00e7a nesta quarta-feira (7), em evento&nbsp;<em>online<\/em>, a Campanha do Outubro Rosa 2020. A a\u00e7\u00e3o \u00e9 um alerta sobre a import\u00e2ncia da detec\u00e7\u00e3o precoce do c\u00e2ncer de mama, bem como para a preven\u00e7\u00e3o da doen\u00e7a.<img decoding=\"async\" src=\"https:\/\/agenciabrasil.ebc.com.br\/ebc.png?id=1390008&amp;o=node\"><img decoding=\"async\" src=\"https:\/\/agenciabrasil.ebc.com.br\/ebc.gif?id=1390008&amp;o=node\"><\/p>\n\n\n\n<p>A cerim\u00f4nia contar\u00e1 com a presen\u00e7a do ministro da Sa\u00fade, Eduardo Pazuello; da primeira-dama da Rep\u00fablica, Michelle Bolsonaro; e da ministra da Mulher, da Fam\u00edlia e dos Direitos Humanos, Damares Alves.<\/p>\n\n\n\n<h2 class=\"wp-block-heading\"><a href=\"https:\/\/agenciabrasil.ebc.com.br\/saude\/noticia\/2020-10\/pandemia-pode-atrasar-tratamento-de-cancer-de-mama\" target=\"_blank\" rel=\"noreferrer noopener\">Pandemia pode atrasar tratamento de c\u00e2ncer de mama<\/a><\/h2>\n\n\n\n<p>Levantamento feito pela Funda\u00e7\u00e3o do C\u00e2ncer, com base em dados do Sistema \u00danico de Sa\u00fade (SUS), revela queda de 84% no n\u00famero de mamografias feitas no Brasil durante a pandemia do novo coronav\u00edrus, em compara\u00e7\u00e3o ao mesmo per\u00edodo do ano passado.&nbsp;<\/p>\n\n\n\n<h2 class=\"wp-block-heading\"><a href=\"https:\/\/agenciabrasil.ebc.com.br\/geral\/noticia\/2020-10\/exposicao-de-fotografias-alerta-para-prevencao-do-cancer-de-mama\" target=\"_blank\" rel=\"noreferrer noopener\">Exposi\u00e7\u00e3o de fotografias alerta para preven\u00e7\u00e3o do c\u00e2ncer de mama<\/a><\/h2>\n\n\n\n<p>Durante todo o m\u00eas de outubro uma exposi\u00e7\u00e3o de fotografias de mulheres que venceram o c\u00e2ncer de mama estar\u00e1 dispon\u00edvel em seis pontos da capital paulista. Idealizada pela organiza\u00e7\u00e3o n\u00e3o governamental (Ong) Instituto Viver Hoje a mostra Mulheres no Espelho tem o objetivo de informar sobre a import\u00e2ncia do diagn\u00f3stico precoce do c\u00e2ncer de mama, al\u00e9m de incentivar o aumento da autoestima das mulheres que passaram pela doen\u00e7a.&nbsp;<\/p>\n\n\n\n<h2 class=\"wp-block-heading\"><a href=\"https:\/\/agenciabrasil.ebc.com.br\/saude\/noticia\/2020-10\/psiquiatra-alerta-para-relacao-do-cancer-com-doencas-mentais\" target=\"_blank\" rel=\"noreferrer noopener\">Psiquiatra alerta para rela\u00e7\u00e3o do c\u00e2ncer de mama com doen\u00e7as mentais<\/a><\/h2>\n\n\n\n<p>O movimento Outubro Rosa marca o m\u00eas de conscientiza\u00e7\u00e3o do cuidado e de preven\u00e7\u00e3o ao c\u00e2ncer de mama, mas tamb\u00e9m ressalta a import\u00e2ncia de se compreender e dialogar sobre a rela\u00e7\u00e3o do tratamento do c\u00e2ncer de mama e as doen\u00e7as mentais, para o enfrentamento de todo o processo.<\/p>\n\n\n\n<p>Edi\u00e7\u00e3o: Denise Griesinger<\/p>\n","protected":false},"excerpt":{"rendered":"<p>Cerim\u00f4nia online marca lan\u00e7amento do Outubro Rosa 2020 Por Ag\u00eancia Brasil &#8211; Bras\u00edlia O Minist\u00e9rio<\/p>\n","protected":false},"author":2,"featured_media":2131,"comment_status":"open","ping_status":"open","sticky":false,"template":"","format":"standard","meta":{"footnotes":""},"categories":[13],"tags":[],"class_list":["post-2130","post","type-post","status-publish","format-standard","has-post-thumbnail","hentry","category-saude"],"_links":{"self":[{"href":"https:\/\/tvc16.com\/portal\/wp-json\/wp\/v2\/posts\/2130","targetHints":{"allow":["GET"]}}],"collection":[{"href":"https:\/\/tvc16.com\/portal\/wp-json\/wp\/v2\/posts"}],"about":[{"href":"https:\/\/tvc16.com\/portal\/wp-json\/wp\/v2\/types\/post"}],"author":[{"embeddable":true,"href":"https:\/\/tvc16.com\/portal\/wp-json\/wp\/v2\/users\/2"}],"replies":[{"embeddable":true,"href":"https:\/\/tvc16.com\/portal\/wp-json\/wp\/v2\/comments?post=2130"}],"version-history":[{"count":1,"href":"https:\/\/tvc16.com\/portal\/wp-json\/wp\/v2\/posts\/2130\/revisions"}],"predecessor-version":[{"id":2132,"href":"https:\/\/tvc16.com\/portal\/wp-json\/wp\/v2\/posts\/2130\/revisions\/2132"}],"wp:featuredmedia":[{"embeddable":true,"href":"https:\/\/tvc16.com\/portal\/wp-json\/wp\/v2\/media\/2131"}],"wp:attachment":[{"href":"https:\/\/tvc16.com\/portal\/wp-json\/wp\/v2\/media?parent=2130"}],"wp:term":[{"taxonomy":"category","embeddable":true,"href":"https:\/\/tvc16.com\/portal\/wp-json\/wp\/v2\/categories?post=2130"},{"taxonomy":"post_tag","embeddable":true,"href":"https:\/\/tvc16.com\/portal\/wp-json\/wp\/v2\/tags?post=2130"}],"curies":[{"name":"wp","href":"https:\/\/api.w.org\/{rel}","templated":true}]}}