{"id":2136,"date":"2020-10-07T15:39:05","date_gmt":"2020-10-07T15:39:05","guid":{"rendered":"https:\/\/tvc16.com\/portal\/?p=2136"},"modified":"2020-10-07T15:39:05","modified_gmt":"2020-10-07T15:39:05","slug":"covid-19-estado-do-rio-prorroga-medidas-restritivas-ate-dia-20","status":"publish","type":"post","link":"https:\/\/tvc16.com\/portal\/2020\/10\/07\/covid-19-estado-do-rio-prorroga-medidas-restritivas-ate-dia-20\/","title":{"rendered":"Covid-19: estado do Rio prorroga medidas restritivas at\u00e9 dia 20"},"content":{"rendered":"\n<p>A\u00e7\u00f5es visam evitar propaga\u00e7\u00e3o da doen\u00e7a<\/p>\n\n\n\n<h4 class=\"wp-block-heading\">Por Ana Cristina Campos \u2013 Rep\u00f3rter da Ag\u00eancia Brasil &#8211; Rio de Janeiro<\/h4>\n\n\n\n<p>O governador em exerc\u00edcio do Rio de Janeiro, Cl\u00e1udio Castro, prorrogou at\u00e9 20 de outubro algumas medidas restritivas de preven\u00e7\u00e3o e enfrentamento \u00e0 propaga\u00e7\u00e3o da covid-19 no estado. A decis\u00e3o foi publicada em decreto numa edi\u00e7\u00e3o extra do Di\u00e1rio Oficial de ontem (6).<img decoding=\"async\" src=\"https:\/\/agenciabrasil.ebc.com.br\/ebc.png?id=1390009&amp;o=node\"><img decoding=\"async\" src=\"https:\/\/agenciabrasil.ebc.com.br\/ebc.gif?id=1390009&amp;o=node\"><\/p>\n\n\n\n<p>O decreto mant\u00e9m a proibi\u00e7\u00e3o da realiza\u00e7\u00e3o de atividades com presen\u00e7a de p\u00fablico que envolvam aglomera\u00e7\u00e3o, como eventos desportivos, com\u00edcio e passeata.<\/p>\n\n\n\n<p>O retorno dos torcedores aos est\u00e1dios de futebol, que contar\u00e1 com legisla\u00e7\u00e3o espec\u00edfica, atividades culturais previamente autorizadas e rodas de samba podem ser realizadas seguindo os protocolos sanit\u00e1rios avaliados pela autoridade sanit\u00e1ria municipal e pela Secretaria de Estado da Sa\u00fade.<\/p>\n\n\n\n<figure class=\"wp-block-image\"><img decoding=\"async\" src=\"https:\/\/imagens.ebc.com.br\/vhhrd58UMeKKg_sV6t0j_juOwTw=\/754x0\/smart\/https:\/\/agenciabrasil.ebc.com.br\/sites\/default\/files\/atoms\/image\/942350-praiacarioca.jpg?itok=g5adJL8w\" alt=\"Cariocas e turistas lotam praias do Rio em dia de altas temperaturas (Tomaz Silva\/Ag\u00eancia Brasil)\" title=\"03 17:58:33\"\/><\/figure>\n\n\n\n<h6 class=\"wp-block-heading\">Perman\u00eancia de pessoas na areia das praias do Rio continua proibida (Arquivo\/Ag\u00eancia Brasil\/Tomaz Silva\/Ag\u00eancia Brasil)<\/h6>\n\n\n\n<p>A perman\u00eancia da popula\u00e7\u00e3o na areia das praias continua proibida. Os servi\u00e7os de consumo de bebidas alco\u00f3licas em ambiente externo ao estabelecimento permanecem proibidos depois das 22h, ficando autorizados apenas para os clientes sentados em mesas e cadeiras nas \u00e1reas internas e externas, respeitando o distanciamento m\u00ednimo de 1 a 2 metros.<\/p>\n\n\n\n<h2 class=\"wp-block-heading\">Bandeira amarela<\/h2>\n\n\n\n<p>Segundo a \u00faltima nota t\u00e9cnica e o painel de indicadores sobre a pandemia do novo coronav\u00edrus, entre as nove regi\u00f5es em que o estado \u00e9 dividido, oito est\u00e3o classificadas com bandeira amarela, que indica baixo risco para a doen\u00e7a: Metropolitanas I e II, Ba\u00eda da Ilha Grande, M\u00e9dio-Para\u00edba, Norte, Baixada Litor\u00e2nea, Noroeste e Serrana.<\/p>\n\n\n\n<p>Edi\u00e7\u00e3o: Kleber Sampaio<\/p>\n","protected":false},"excerpt":{"rendered":"<p>A\u00e7\u00f5es visam evitar propaga\u00e7\u00e3o da doen\u00e7a Por Ana Cristina Campos \u2013 Rep\u00f3rter da Ag\u00eancia Brasil<\/p>\n","protected":false},"author":2,"featured_media":2137,"comment_status":"open","ping_status":"open","sticky":false,"template":"","format":"standard","meta":{"footnotes":""},"categories":[13],"tags":[],"class_list":["post-2136","post","type-post","status-publish","format-standard","has-post-thumbnail","hentry","category-saude"],"_links":{"self":[{"href":"https:\/\/tvc16.com\/portal\/wp-json\/wp\/v2\/posts\/2136","targetHints":{"allow":["GET"]}}],"collection":[{"href":"https:\/\/tvc16.com\/portal\/wp-json\/wp\/v2\/posts"}],"about":[{"href":"https:\/\/tvc16.com\/portal\/wp-json\/wp\/v2\/types\/post"}],"author":[{"embeddable":true,"href":"https:\/\/tvc16.com\/portal\/wp-json\/wp\/v2\/users\/2"}],"replies":[{"embeddable":true,"href":"https:\/\/tvc16.com\/portal\/wp-json\/wp\/v2\/comments?post=2136"}],"version-history":[{"count":1,"href":"https:\/\/tvc16.com\/portal\/wp-json\/wp\/v2\/posts\/2136\/revisions"}],"predecessor-version":[{"id":2138,"href":"https:\/\/tvc16.com\/portal\/wp-json\/wp\/v2\/posts\/2136\/revisions\/2138"}],"wp:featuredmedia":[{"embeddable":true,"href":"https:\/\/tvc16.com\/portal\/wp-json\/wp\/v2\/media\/2137"}],"wp:attachment":[{"href":"https:\/\/tvc16.com\/portal\/wp-json\/wp\/v2\/media?parent=2136"}],"wp:term":[{"taxonomy":"category","embeddable":true,"href":"https:\/\/tvc16.com\/portal\/wp-json\/wp\/v2\/categories?post=2136"},{"taxonomy":"post_tag","embeddable":true,"href":"https:\/\/tvc16.com\/portal\/wp-json\/wp\/v2\/tags?post=2136"}],"curies":[{"name":"wp","href":"https:\/\/api.w.org\/{rel}","templated":true}]}}