{"id":2145,"date":"2020-10-07T15:56:44","date_gmt":"2020-10-07T15:56:44","guid":{"rendered":"https:\/\/tvc16.com\/portal\/?p=2145"},"modified":"2020-10-07T15:56:44","modified_gmt":"2020-10-07T15:56:44","slug":"lasier-e-girao-pedem-urgencia-para-projeto-que-acaba-com-voto-secreto-na-eleicao-da-mesa","status":"publish","type":"post","link":"https:\/\/tvc16.com\/portal\/2020\/10\/07\/lasier-e-girao-pedem-urgencia-para-projeto-que-acaba-com-voto-secreto-na-eleicao-da-mesa\/","title":{"rendered":"Lasier e Gir\u00e3o pedem urg\u00eancia para projeto que acaba com voto secreto na elei\u00e7\u00e3o da Mesa"},"content":{"rendered":"\n<p>Durante as vota\u00e7\u00f5es em Plen\u00e1rio remoto nesta ter\u00e7a-feira (6), os senadores Lasier Martins (Podemos-RS) e Eduardo Gir\u00e3o (Podemos-CE) pediram a vota\u00e7\u00e3o do projeto de resolu\u00e7\u00e3o que institui o voto aberto nas elei\u00e7\u00f5es da Mesa Diretora do Senado Federal.<\/p>\n\n\n\n<p>De autoria de Lasier, o PRS 53\/2018 torna obrigat\u00f3rio o voto ostensivo nas elei\u00e7\u00f5es para todos os cargos da Mesa (presidente, vice-presidentes, secret\u00e1rios e suplentes) e para presidente e vice das comiss\u00f5es permanentes da Casa. Ele disse que o requerimento pedindo a urg\u00eancia ser\u00e1 apresentado com as assinaturas de 22 senadores.<\/p>\n\n\n\n<p>\u2014Quando assumiu, Davi disse que acabaria com o sigilo. O voto para presidente da Casa n\u00e3o precisa ser secreto. Que o presidente Davi Alcolumbre coloque em vota\u00e7\u00e3o o mais breve poss\u00edvel para que tenhamos voto aberto na elei\u00e7\u00e3o de fevereiro do ano que vem \u2014 disse Lasier.<\/p>\n\n\n\n<p>Em seguida, Eduardo Gir\u00e3o apoiou o pleito do colega e afirmou que o voto aberto \u201c\u00e9 um desejo da sociedade brasileira leg\u00edtimo\u201d. Para ele, ser\u00e1 positivo para a democracia o Senado ser mais transparente.&nbsp;<\/p>\n\n\n\n<p>Fonte: Ag\u00eancia Senado<\/p>\n","protected":false},"excerpt":{"rendered":"<p>Durante as vota\u00e7\u00f5es em Plen\u00e1rio remoto nesta ter\u00e7a-feira (6), os senadores Lasier Martins (Podemos-RS) e<\/p>\n","protected":false},"author":2,"featured_media":2146,"comment_status":"open","ping_status":"open","sticky":false,"template":"","format":"standard","meta":{"footnotes":""},"categories":[15],"tags":[],"class_list":["post-2145","post","type-post","status-publish","format-standard","has-post-thumbnail","hentry","category-politica"],"_links":{"self":[{"href":"https:\/\/tvc16.com\/portal\/wp-json\/wp\/v2\/posts\/2145","targetHints":{"allow":["GET"]}}],"collection":[{"href":"https:\/\/tvc16.com\/portal\/wp-json\/wp\/v2\/posts"}],"about":[{"href":"https:\/\/tvc16.com\/portal\/wp-json\/wp\/v2\/types\/post"}],"author":[{"embeddable":true,"href":"https:\/\/tvc16.com\/portal\/wp-json\/wp\/v2\/users\/2"}],"replies":[{"embeddable":true,"href":"https:\/\/tvc16.com\/portal\/wp-json\/wp\/v2\/comments?post=2145"}],"version-history":[{"count":1,"href":"https:\/\/tvc16.com\/portal\/wp-json\/wp\/v2\/posts\/2145\/revisions"}],"predecessor-version":[{"id":2147,"href":"https:\/\/tvc16.com\/portal\/wp-json\/wp\/v2\/posts\/2145\/revisions\/2147"}],"wp:featuredmedia":[{"embeddable":true,"href":"https:\/\/tvc16.com\/portal\/wp-json\/wp\/v2\/media\/2146"}],"wp:attachment":[{"href":"https:\/\/tvc16.com\/portal\/wp-json\/wp\/v2\/media?parent=2145"}],"wp:term":[{"taxonomy":"category","embeddable":true,"href":"https:\/\/tvc16.com\/portal\/wp-json\/wp\/v2\/categories?post=2145"},{"taxonomy":"post_tag","embeddable":true,"href":"https:\/\/tvc16.com\/portal\/wp-json\/wp\/v2\/tags?post=2145"}],"curies":[{"name":"wp","href":"https:\/\/api.w.org\/{rel}","templated":true}]}}