{"id":2151,"date":"2020-10-08T12:10:35","date_gmt":"2020-10-08T12:10:35","guid":{"rendered":"https:\/\/tvc16.com\/portal\/?p=2151"},"modified":"2020-10-08T12:10:35","modified_gmt":"2020-10-08T12:10:35","slug":"quarta-feira-nao-registra-obitos-por-covid-19","status":"publish","type":"post","link":"https:\/\/tvc16.com\/portal\/2020\/10\/08\/quarta-feira-nao-registra-obitos-por-covid-19\/","title":{"rendered":"Quarta-feira n\u00e3o registra \u00f3bitos por Covid-19"},"content":{"rendered":"\n<p>Mais de 5 mil pessoas j\u00e1 se recuperaram do novo coronav\u00edrus em Petr\u00f3polis. Ao todo, 5.043 pessoas curadas desde o in\u00edcio da pandemia. As informa\u00e7\u00f5es s\u00e3o da Secretaria Municipal de Sa\u00fade e foram divulgadas na  quarta-feira (07). Os n\u00fameros se referem \u00e0s pessoas que estiveram internadas nas unidades hospitalares da cidade ou que se mantiveram em isolamento domiciliar e que, atualmente, n\u00e3o apresentam mais os principais sintomas da doen\u00e7a.<\/p>\n\n\n\n<p>Segundo o boletim epidemiol\u00f3gico, at\u00e9 o momento foram realizados 65.221 testes na cidade. Desses, 57.462 resultaram negativos, 7.157 positivos e 602 est\u00e3o em an\u00e1lise, entre PCR e testes r\u00e1pidos. H\u00e1 49 pacientes internados na cidade, podendo ser casos positivos ou em investiga\u00e7\u00e3o esperando o resultado do teste. O n\u00famero de \u00f3bitos em decorr\u00eancia da doen\u00e7a \u00e9 de 242.<\/p>\n\n\n\n<p>Na quarta, o munic\u00edpio contabiliza pelo SUS 24,07% dos leitos cl\u00ednicos e 20,20% de UTI ocupados com pacientes infectados com coronav\u00edrus.<\/p>\n","protected":false},"excerpt":{"rendered":"<p>Mais de 5 mil pessoas j\u00e1 se recuperaram do novo coronav\u00edrus em Petr\u00f3polis. Ao todo,<\/p>\n","protected":false},"author":2,"featured_media":2152,"comment_status":"open","ping_status":"open","sticky":false,"template":"","format":"standard","meta":{"footnotes":""},"categories":[12],"tags":[],"class_list":["post-2151","post","type-post","status-publish","format-standard","has-post-thumbnail","hentry","category-cidade"],"_links":{"self":[{"href":"https:\/\/tvc16.com\/portal\/wp-json\/wp\/v2\/posts\/2151","targetHints":{"allow":["GET"]}}],"collection":[{"href":"https:\/\/tvc16.com\/portal\/wp-json\/wp\/v2\/posts"}],"about":[{"href":"https:\/\/tvc16.com\/portal\/wp-json\/wp\/v2\/types\/post"}],"author":[{"embeddable":true,"href":"https:\/\/tvc16.com\/portal\/wp-json\/wp\/v2\/users\/2"}],"replies":[{"embeddable":true,"href":"https:\/\/tvc16.com\/portal\/wp-json\/wp\/v2\/comments?post=2151"}],"version-history":[{"count":1,"href":"https:\/\/tvc16.com\/portal\/wp-json\/wp\/v2\/posts\/2151\/revisions"}],"predecessor-version":[{"id":2153,"href":"https:\/\/tvc16.com\/portal\/wp-json\/wp\/v2\/posts\/2151\/revisions\/2153"}],"wp:featuredmedia":[{"embeddable":true,"href":"https:\/\/tvc16.com\/portal\/wp-json\/wp\/v2\/media\/2152"}],"wp:attachment":[{"href":"https:\/\/tvc16.com\/portal\/wp-json\/wp\/v2\/media?parent=2151"}],"wp:term":[{"taxonomy":"category","embeddable":true,"href":"https:\/\/tvc16.com\/portal\/wp-json\/wp\/v2\/categories?post=2151"},{"taxonomy":"post_tag","embeddable":true,"href":"https:\/\/tvc16.com\/portal\/wp-json\/wp\/v2\/tags?post=2151"}],"curies":[{"name":"wp","href":"https:\/\/api.w.org\/{rel}","templated":true}]}}