{"id":2160,"date":"2020-10-08T14:28:52","date_gmt":"2020-10-08T14:28:52","guid":{"rendered":"https:\/\/tvc16.com\/portal\/?p=2160"},"modified":"2020-10-08T14:28:52","modified_gmt":"2020-10-08T14:28:52","slug":"parque-cremerie-passa-por-reparos","status":"publish","type":"post","link":"https:\/\/tvc16.com\/portal\/2020\/10\/08\/parque-cremerie-passa-por-reparos\/","title":{"rendered":"Parque Cremerie passa por reparos"},"content":{"rendered":"\n<p>Reaberto no dia 22 de setembro, o Parque Cremerie est\u00e1 passando por reparos, segundo a prefeitura. A Comdep iniciou um mutir\u00e3o de limpeza e capina nos espa\u00e7os do local. As casinhas e a \u00e1rea de lazer tamb\u00e9m receber\u00e3o nova pintura e\u00a0os reparos necess\u00e1rios. As interven\u00e7\u00f5es devem continuar at\u00e9 a pr\u00f3xima semana.<\/p>\n\n\n\n<p>Vale ressaltar que o parque est\u00e1 aberto ao p\u00fablico, mas com algumas restri\u00e7\u00f5es, de vido a pandemia provocada pelo novo coronav\u00edrus. A capacidade de visitantes, por exemplo, \u00e9 de apenas 150 pessoas e h\u00e1 restri\u00e7\u00e3o ao uso de churrasqueiras, piscinas e tamb\u00e9m dos pedalinhos.<\/p>\n\n\n\n<p>Foto: divulga\u00e7\u00e3o PMP<\/p>\n","protected":false},"excerpt":{"rendered":"<p>Reaberto no dia 22 de setembro, o Parque Cremerie est\u00e1 passando por reparos, segundo a<\/p>\n","protected":false},"author":2,"featured_media":2161,"comment_status":"open","ping_status":"open","sticky":false,"template":"","format":"standard","meta":{"footnotes":""},"categories":[12],"tags":[],"class_list":["post-2160","post","type-post","status-publish","format-standard","has-post-thumbnail","hentry","category-cidade"],"_links":{"self":[{"href":"https:\/\/tvc16.com\/portal\/wp-json\/wp\/v2\/posts\/2160","targetHints":{"allow":["GET"]}}],"collection":[{"href":"https:\/\/tvc16.com\/portal\/wp-json\/wp\/v2\/posts"}],"about":[{"href":"https:\/\/tvc16.com\/portal\/wp-json\/wp\/v2\/types\/post"}],"author":[{"embeddable":true,"href":"https:\/\/tvc16.com\/portal\/wp-json\/wp\/v2\/users\/2"}],"replies":[{"embeddable":true,"href":"https:\/\/tvc16.com\/portal\/wp-json\/wp\/v2\/comments?post=2160"}],"version-history":[{"count":1,"href":"https:\/\/tvc16.com\/portal\/wp-json\/wp\/v2\/posts\/2160\/revisions"}],"predecessor-version":[{"id":2162,"href":"https:\/\/tvc16.com\/portal\/wp-json\/wp\/v2\/posts\/2160\/revisions\/2162"}],"wp:featuredmedia":[{"embeddable":true,"href":"https:\/\/tvc16.com\/portal\/wp-json\/wp\/v2\/media\/2161"}],"wp:attachment":[{"href":"https:\/\/tvc16.com\/portal\/wp-json\/wp\/v2\/media?parent=2160"}],"wp:term":[{"taxonomy":"category","embeddable":true,"href":"https:\/\/tvc16.com\/portal\/wp-json\/wp\/v2\/categories?post=2160"},{"taxonomy":"post_tag","embeddable":true,"href":"https:\/\/tvc16.com\/portal\/wp-json\/wp\/v2\/tags?post=2160"}],"curies":[{"name":"wp","href":"https:\/\/api.w.org\/{rel}","templated":true}]}}