{"id":2163,"date":"2020-10-08T15:23:03","date_gmt":"2020-10-08T15:23:03","guid":{"rendered":"https:\/\/tvc16.com\/portal\/?p=2163"},"modified":"2020-10-08T15:23:03","modified_gmt":"2020-10-08T15:23:03","slug":"termina-hoje-prazo-para-realizar-agregacoes-de-secoes-pelas-zonas-eleitorais","status":"publish","type":"post","link":"https:\/\/tvc16.com\/portal\/2020\/10\/08\/termina-hoje-prazo-para-realizar-agregacoes-de-secoes-pelas-zonas-eleitorais\/","title":{"rendered":"Termina hoje prazo para realizar agrega\u00e7\u00f5es de se\u00e7\u00f5es pelas zonas eleitorais"},"content":{"rendered":"\n<p>Termina nesta quinta-feira (8) o prazo para realizar agrega\u00e7\u00f5es de se\u00e7\u00f5es pelas zonas eleitorais nos munic\u00edpios onde ser\u00e3o realizadas as Elei\u00e7\u00f5esElei\u00e7\u00f5es 2020. De acordo com a lei, os tribunais regionais eleitorais poder\u00e3o determinar a agrega\u00e7\u00e3o de, no m\u00e1ximo, 20 se\u00e7\u00f5es eleitorais.<br>\u00a0<br>Tamb\u00e9m nesta quinta (8) acaba o prazo para impugna\u00e7\u00e3o dos pedidos de registros individuais de candidatos. O pedido pode ser realizado por parte de qualquer candidato, partido pol\u00edtico, coliga\u00e7\u00e3o ou do Minist\u00e9rio P\u00fablico Eleitoral. Os cidad\u00e3os tamb\u00e9m poder\u00e3o, at\u00e9 essa data, dar not\u00edcia de inelegibilidade de candidato ao juiz eleitoral.<\/p>\n\n\n\n<p>\u00a0<br>O prazo estipulado, nesses dois \u00faltimos casos, \u00e9 de cinco dias contados da data da publica\u00e7\u00e3o do edital de candidaturas requeridas pelos partidos pol\u00edticos ou coliga\u00e7\u00f5es.<br>\u00a0<\/p>\n\n\n\n<p>Fonte: Brasil 61<\/p>\n","protected":false},"excerpt":{"rendered":"<p>Termina nesta quinta-feira (8) o prazo para realizar agrega\u00e7\u00f5es de se\u00e7\u00f5es pelas zonas eleitorais nos<\/p>\n","protected":false},"author":2,"featured_media":2164,"comment_status":"open","ping_status":"open","sticky":false,"template":"","format":"standard","meta":{"footnotes":""},"categories":[15],"tags":[],"class_list":["post-2163","post","type-post","status-publish","format-standard","has-post-thumbnail","hentry","category-politica"],"_links":{"self":[{"href":"https:\/\/tvc16.com\/portal\/wp-json\/wp\/v2\/posts\/2163","targetHints":{"allow":["GET"]}}],"collection":[{"href":"https:\/\/tvc16.com\/portal\/wp-json\/wp\/v2\/posts"}],"about":[{"href":"https:\/\/tvc16.com\/portal\/wp-json\/wp\/v2\/types\/post"}],"author":[{"embeddable":true,"href":"https:\/\/tvc16.com\/portal\/wp-json\/wp\/v2\/users\/2"}],"replies":[{"embeddable":true,"href":"https:\/\/tvc16.com\/portal\/wp-json\/wp\/v2\/comments?post=2163"}],"version-history":[{"count":1,"href":"https:\/\/tvc16.com\/portal\/wp-json\/wp\/v2\/posts\/2163\/revisions"}],"predecessor-version":[{"id":2165,"href":"https:\/\/tvc16.com\/portal\/wp-json\/wp\/v2\/posts\/2163\/revisions\/2165"}],"wp:featuredmedia":[{"embeddable":true,"href":"https:\/\/tvc16.com\/portal\/wp-json\/wp\/v2\/media\/2164"}],"wp:attachment":[{"href":"https:\/\/tvc16.com\/portal\/wp-json\/wp\/v2\/media?parent=2163"}],"wp:term":[{"taxonomy":"category","embeddable":true,"href":"https:\/\/tvc16.com\/portal\/wp-json\/wp\/v2\/categories?post=2163"},{"taxonomy":"post_tag","embeddable":true,"href":"https:\/\/tvc16.com\/portal\/wp-json\/wp\/v2\/tags?post=2163"}],"curies":[{"name":"wp","href":"https:\/\/api.w.org\/{rel}","templated":true}]}}