{"id":2166,"date":"2020-10-08T15:35:11","date_gmt":"2020-10-08T15:35:11","guid":{"rendered":"https:\/\/tvc16.com\/portal\/?p=2166"},"modified":"2020-10-08T15:35:11","modified_gmt":"2020-10-08T15:35:11","slug":"biblioteca-solidaria-e-criada-por-advogada-petropolitana-e-beneficiara-o-projeto-grao","status":"publish","type":"post","link":"https:\/\/tvc16.com\/portal\/2020\/10\/08\/biblioteca-solidaria-e-criada-por-advogada-petropolitana-e-beneficiara-o-projeto-grao\/","title":{"rendered":"Biblioteca solid\u00e1ria \u00e9 criada por advogada petropolitana e beneficiar\u00e1 o Projeto Gr\u00e3o"},"content":{"rendered":"\n<p>Daqui a pouco, \u00e0s 13h30, vai o ar no Programa Original, uma reportagem com a advogada Patr\u00edcia Ventura Dias Morais Marinho, que criou uma biblioteca solid\u00e1ria no pr\u00f3prio escrit\u00f3rio. Al\u00e9m de incentivar a leitura, a medida ajudar\u00e1 ainda o Projeto Gr\u00e3o, que auxilia 150 crian\u00e7as e os familiares dos pequenos, da Creche S\u00e3o Charbel, no Caxambu.<\/p>\n\n\n\n<p>A ideia da advogada surgiu durante a pandemia provocada pelo novo coronav\u00edrus, ao perceber que dentre os estabelecimentos fechados ao longo deste per\u00edodo estava uma livraria que ela costumava frequentar. Neste primeiro momento j\u00e1 foram arrecadados 200 livros, oriundos de doa\u00e7\u00f5es feitas por amigos e familiares da advogada, e tamb\u00e9m de pessoas que simpatizaram com o projeto.<\/p>\n\n\n\n<p>\u201cQuem quiser pegar um livro emprestado dever\u00e1 deixar 1kg de alimento n\u00e3o perec\u00edvel, que ser\u00e1 revertido imediatamente para o Projeto Gr\u00e3o\u201d, explicou a advogada. Vale ressaltar que todos os livros dever\u00e3o ser devolvidos depois de lidos.<\/p>\n\n\n\n<p>Os livros tamb\u00e9m estar\u00e3o dispon\u00edveis na p\u00e1gina do Instagram do escrit\u00f3rio da advogada. O objetivo \u00e9 facilitar a vida dos leitores, assim eles poder\u00e3o escolher os t\u00edtulos antes mesmo de sa\u00edrem de casa. \u201cEssa praticidade \u00e9 importante. Ainda mais diante do momento de pandemia que vivemos\u201d, disse.<\/p>\n\n\n\n<p>Dentre os t\u00edtulos mais famosos que a biblioteca j\u00e1 possui est\u00e1 \u201cO Ca\u00e7ador de Pipas, de Khaled Hosseini, \u201cMinha fama de Mau\u201d, de Erasmo Carlos, \u201cO di\u00e1rio de Bridget Jones\u201d, de Helen Fielding, \u201cLabirinto\u201d, de Kate Mosse, \u201cBoca de Luar\u201d, de Carlos Drummond de Andrade, dentre outros.<\/p>\n\n\n\n<p>Quem quiser entrar em contato com o projeto deve buscar pelo endere\u00e7o no instagram: @marinho_associados.adv; ou pelo e-mail: marinhoassociadosadvogados@hotmail.com. A biblioteca solid\u00e1ria fica na Rua 16 de Mar\u00e7o, n. 158. 1003\/1004, no Centro. Durante a pandemia os hor\u00e1rios de atendimento est\u00e3o reduzidos, com abertura toda ter\u00e7a e quinta-feira, de 12h \u00e0s 16h.<\/p>\n","protected":false},"excerpt":{"rendered":"<p>Daqui a pouco, \u00e0s 13h30, vai o ar no Programa Original, uma reportagem com a<\/p>\n","protected":false},"author":2,"featured_media":2167,"comment_status":"open","ping_status":"open","sticky":false,"template":"","format":"standard","meta":{"footnotes":""},"categories":[12],"tags":[],"class_list":["post-2166","post","type-post","status-publish","format-standard","has-post-thumbnail","hentry","category-cidade"],"_links":{"self":[{"href":"https:\/\/tvc16.com\/portal\/wp-json\/wp\/v2\/posts\/2166","targetHints":{"allow":["GET"]}}],"collection":[{"href":"https:\/\/tvc16.com\/portal\/wp-json\/wp\/v2\/posts"}],"about":[{"href":"https:\/\/tvc16.com\/portal\/wp-json\/wp\/v2\/types\/post"}],"author":[{"embeddable":true,"href":"https:\/\/tvc16.com\/portal\/wp-json\/wp\/v2\/users\/2"}],"replies":[{"embeddable":true,"href":"https:\/\/tvc16.com\/portal\/wp-json\/wp\/v2\/comments?post=2166"}],"version-history":[{"count":1,"href":"https:\/\/tvc16.com\/portal\/wp-json\/wp\/v2\/posts\/2166\/revisions"}],"predecessor-version":[{"id":2168,"href":"https:\/\/tvc16.com\/portal\/wp-json\/wp\/v2\/posts\/2166\/revisions\/2168"}],"wp:featuredmedia":[{"embeddable":true,"href":"https:\/\/tvc16.com\/portal\/wp-json\/wp\/v2\/media\/2167"}],"wp:attachment":[{"href":"https:\/\/tvc16.com\/portal\/wp-json\/wp\/v2\/media?parent=2166"}],"wp:term":[{"taxonomy":"category","embeddable":true,"href":"https:\/\/tvc16.com\/portal\/wp-json\/wp\/v2\/categories?post=2166"},{"taxonomy":"post_tag","embeddable":true,"href":"https:\/\/tvc16.com\/portal\/wp-json\/wp\/v2\/tags?post=2166"}],"curies":[{"name":"wp","href":"https:\/\/api.w.org\/{rel}","templated":true}]}}