{"id":2178,"date":"2020-10-08T16:46:48","date_gmt":"2020-10-08T16:46:48","guid":{"rendered":"https:\/\/tvc16.com\/portal\/?p=2178"},"modified":"2020-10-08T16:46:48","modified_gmt":"2020-10-08T16:46:48","slug":"pia-convoca-selecao-feminina-para-preparacao-em-portugal","status":"publish","type":"post","link":"https:\/\/tvc16.com\/portal\/2020\/10\/08\/pia-convoca-selecao-feminina-para-preparacao-em-portugal\/","title":{"rendered":"Pia convoca sele\u00e7\u00e3o feminina para prepara\u00e7\u00e3o em Portugal"},"content":{"rendered":"\n<p>Sueca escolheu apenas atletas que atuam fora do pa\u00eds<\/p>\n\n\n\n<h4 class=\"wp-block-heading\">Por Rafael Monteiro \u2013 Rep\u00f3rter da R\u00e1dio Nacional &#8211; Rio de Janeiro<\/h4>\n\n\n\n<p>A t\u00e9cnica da sele\u00e7\u00e3o brasileira feminina Pia Sundhage convocou, nesta quinta-feira (8), as 24 jogadoras que v\u00e3o realizar um per\u00edodo de prepara\u00e7\u00e3o entre os dias 19 e 27 de outubro na cidade Portim\u00e3o, em Portugal. Na lista apareceram apenas nomes de atletas que atuam fora do Brasil, devido \u00e0s restri\u00e7\u00f5es internacionais de viagem decorrentes do novo coronav\u00edrus (covid-19).<img decoding=\"async\" src=\"https:\/\/agenciabrasil.ebc.com.br\/ebc.png?id=1390115&amp;o=node\"><img decoding=\"async\" src=\"https:\/\/agenciabrasil.ebc.com.br\/ebc.gif?id=1390115&amp;o=node\"><\/p>\n\n\n\n<p>Al\u00e9m do retorno de Marta \u00e0 sele\u00e7\u00e3o, ap\u00f3s retomar os treinamentos pelo Orlando Pride, nos Estados Unidos, no \u00faltimo m\u00eas, a treinadora sueca apresentou oito novidades: a goleira Daniele Neuhaus (Benfica), a lateral-direita Rayanne (Sporting Braga-POR), as meio-campistas Giovanna (Barcelona), La\u00eds (Apollon Limassol) e Ana Vit\u00f3ria (Benfica), al\u00e9m das atacantes Mylena (Familic\u00e3o), Nycole (Benfica) e Val\u00e9ria (Madrid).<\/p>\n\n\n\n<p>Na terceira convoca\u00e7\u00e3o de Pia, em 2020, as ligas portuguesa e espanhola foram as que cederam o maior n\u00famero de atletas, com seis representantes cada. A lista foi completamente diferente em rela\u00e7\u00e3o a \u00faltima escolhida pela t\u00e9cnica no m\u00eas passado, quando apenas jogadoras que atuam no Brasil estiveram na Granja Comary, em Teres\u00f3polis (RJ).<\/p>\n\n\n\n<p>Confira a lista de convocadas:<\/p>\n\n\n\n<h2 class=\"wp-block-heading\">Goleiras:<\/h2>\n\n\n\n<p>Aline Reis &#8211; UD Granadilla Tenerife (Espanha)<\/p>\n\n\n\n<p>Daniele Neuhaus &#8211; Benfica (Portugal)<br>Natascha &#8211; Paris FC (Fran\u00e7a)<\/p>\n\n\n\n<h2 class=\"wp-block-heading\">Defensoras:<\/h2>\n\n\n\n<p>Antonia &#8211; Madrid CFF (Espanha)<\/p>\n\n\n\n<p>Kathellen &#8211; Internacional de Mil\u00e3o (It\u00e1lia)<\/p>\n\n\n\n<p>Jucinara &#8211; Levante UD (Espanha)<\/p>\n\n\n\n<p>Rafaelle &#8211; Changchun Dazhong (China)<\/p>\n\n\n\n<p>Rayanne &#8211; Sporting Club Braga (Portugal)<\/p>\n\n\n\n<h2 class=\"wp-block-heading\">Meio-campistas:<\/h2>\n\n\n\n<p>Ana Vit\u00f3ria &#8211; Benfica (Portugal)<br>Andressa Alves &#8211; Roma (It\u00e1lia)<br>Debinha &#8211; North Carolina Courage (EUA)<br>Formiga &#8211; Paris St Germain (Fran\u00e7a)<br>Giovanna &#8211; Barcelona (Espanha)<br>La\u00eds Ara\u00fajo &#8211; Apollon Limassol (Chipre)<br>Luana &#8211; Paris St Germain (Fran\u00e7a)<br>Maria &#8211; Juventus (It\u00e1lia)<br>Millene &#8211; Wuhan Xinjiyuan (China)<\/p>\n\n\n\n<h2 class=\"wp-block-heading\">Atacantes:<\/h2>\n\n\n\n<p>Bia Zaneratto &#8211; Wuhan Xinjiyuan (China)<br>Ludmila &#8211; Atl\u00e9tico de Madrid (Espanha)<br>Marta &#8211; Orlando Pride (Estados Unidos)<br>Mylena &#8211; FC de Familic\u00e3o (Portugal)<br>Nycole Raysla &#8211; Benfica (Portugal)<br>Raquel &#8211; Sporting Lisboa (Portugal)<br>Val\u00e9ria &#8211; Madrid CFF (Espanha)<\/p>\n\n\n\n<p>Edi\u00e7\u00e3o: Maria Claudia<\/p>\n","protected":false},"excerpt":{"rendered":"<p>Sueca escolheu apenas atletas que atuam fora do pa\u00eds Por Rafael Monteiro \u2013 Rep\u00f3rter da<\/p>\n","protected":false},"author":2,"featured_media":2179,"comment_status":"open","ping_status":"open","sticky":false,"template":"","format":"standard","meta":{"footnotes":""},"categories":[20],"tags":[],"class_list":["post-2178","post","type-post","status-publish","format-standard","has-post-thumbnail","hentry","category-esporte"],"_links":{"self":[{"href":"https:\/\/tvc16.com\/portal\/wp-json\/wp\/v2\/posts\/2178","targetHints":{"allow":["GET"]}}],"collection":[{"href":"https:\/\/tvc16.com\/portal\/wp-json\/wp\/v2\/posts"}],"about":[{"href":"https:\/\/tvc16.com\/portal\/wp-json\/wp\/v2\/types\/post"}],"author":[{"embeddable":true,"href":"https:\/\/tvc16.com\/portal\/wp-json\/wp\/v2\/users\/2"}],"replies":[{"embeddable":true,"href":"https:\/\/tvc16.com\/portal\/wp-json\/wp\/v2\/comments?post=2178"}],"version-history":[{"count":1,"href":"https:\/\/tvc16.com\/portal\/wp-json\/wp\/v2\/posts\/2178\/revisions"}],"predecessor-version":[{"id":2180,"href":"https:\/\/tvc16.com\/portal\/wp-json\/wp\/v2\/posts\/2178\/revisions\/2180"}],"wp:featuredmedia":[{"embeddable":true,"href":"https:\/\/tvc16.com\/portal\/wp-json\/wp\/v2\/media\/2179"}],"wp:attachment":[{"href":"https:\/\/tvc16.com\/portal\/wp-json\/wp\/v2\/media?parent=2178"}],"wp:term":[{"taxonomy":"category","embeddable":true,"href":"https:\/\/tvc16.com\/portal\/wp-json\/wp\/v2\/categories?post=2178"},{"taxonomy":"post_tag","embeddable":true,"href":"https:\/\/tvc16.com\/portal\/wp-json\/wp\/v2\/tags?post=2178"}],"curies":[{"name":"wp","href":"https:\/\/api.w.org\/{rel}","templated":true}]}}