{"id":2193,"date":"2020-10-08T16:54:41","date_gmt":"2020-10-08T16:54:41","guid":{"rendered":"https:\/\/tvc16.com\/portal\/?p=2193"},"modified":"2020-10-08T16:54:41","modified_gmt":"2020-10-08T16:54:41","slug":"enem-estudantes-tem-ate-hoje-para-inserir-foto-no-cadastro-2","status":"publish","type":"post","link":"https:\/\/tvc16.com\/portal\/2020\/10\/08\/enem-estudantes-tem-ate-hoje-para-inserir-foto-no-cadastro-2\/","title":{"rendered":"Enem: estudantes t\u00eam at\u00e9 hoje para inserir foto no cadastro"},"content":{"rendered":"\n<p>O prazo anterior foi adiado devido ao grande volume de acessos<\/p>\n\n\n\n<h4 class=\"wp-block-heading\">Por Ag\u00eancia Brasil &#8211; Bras\u00edlia<\/h4>\n\n\n\n<p>Os inscritos no Exame Nacional do Ensino M\u00e9dio (Enem) 2020 t\u00eam at\u00e9 as 23h59 desta quinta-feira (8)&nbsp;para cadastrar ou alterar a foto de inscri\u00e7\u00e3o na&nbsp;<a href=\"https:\/\/enem.inep.gov.br\/participante\/\" target=\"_blank\" rel=\"noreferrer noopener\">P\u00e1gina do Participante<\/a>, para concluir esta etapa do exame. O prazo anterior terminaria no dia 1\u00ba de outubro.<img decoding=\"async\" src=\"https:\/\/agenciabrasil.ebc.com.br\/ebc.png?id=1390096&amp;o=node\"><img decoding=\"async\" src=\"https:\/\/agenciabrasil.ebc.com.br\/ebc.gif?id=1390096&amp;o=node\"><\/p>\n\n\n\n<p>De acordo com o Instituto Nacional de Estudos e Pesquisas Educacionais An\u00edsio Teixeira (Inep), a data foi alterada devido ao grande n\u00famero de acessos em um s\u00f3 dia. &#8220;A prorroga\u00e7\u00e3o tem o objetivo de garantir a realiza\u00e7\u00e3o do procedimento por parte dos inscritos. Participantes que j\u00e1 inclu\u00edram a foto anteriormente n\u00e3o precisam repetir a opera\u00e7\u00e3o&#8221;, informou o Inep.<\/p>\n\n\n\n<p>Segundo o Inep, n\u00e3o ser\u00e3o aceitas imagens de pessoas com \u00f3culos escuros ou artigos de chapelaria (bon\u00e9, chap\u00e9u, viseira, gorro ou similares). A fotografia tamb\u00e9m deve mostrar o rosto inteiro do participante, com uma boa ilumina\u00e7\u00e3o e foco, al\u00e9m de estar nos formatos de arquivo JPEG e PNG (tamanho m\u00e1ximo de 2 MB). Imagens em PDF n\u00e3o ser\u00e3o permitidas. O Inep e o Minist\u00e9rio da Educa\u00e7\u00e3o (MEC) n\u00e3o realizam valida\u00e7\u00e3o da foto.<\/p>\n\n\n\n<h2 class=\"wp-block-heading\">Provas<\/h2>\n\n\n\n<p>Por causa da pandemia do novo coronav\u00edrus, as provas da edi\u00e7\u00e3o 2020 do exame foram adiadas para os dias 17 e 24 de janeiro de 2021 (vers\u00e3o impressa)&nbsp;e 31 de janeiro e 7 de fevereiro de 2021 (vers\u00e3o digital). Al\u00e9m de uma reda\u00e7\u00e3o e 45 quest\u00f5es, os candidatos ter\u00e3o que responder a quest\u00f5es sobre quatro \u00e1reas de conhecimento: linguagens, c\u00f3digos e suas tecnologias; ci\u00eancias humanas e suas tecnologias; ci\u00eancias da natureza e suas tecnologias; e matem\u00e1tica e suas tecnologias.<\/p>\n\n\n\n<h2 class=\"wp-block-heading\">D\u00favidas<\/h2>\n\n\n\n<p>As informa\u00e7\u00f5es a respeito do Enem 2020 podem ser acompanhadas nos portais do Inep e do MEC, assim como nas redes sociais oficiais dos dois \u00f3rg\u00e3os do governo federal. D\u00favidas podem ser esclarecidas pelo Fale Conosco do instituto, por meio do autoatendimento&nbsp;<em>online<\/em>&nbsp;ou do 0800 616161 \u2013&nbsp;a central aceita apenas chamadas feitas de telefone fixo.<\/p>\n\n\n\n<p>Edi\u00e7\u00e3o: A\u00e9cio Amado<\/p>\n","protected":false},"excerpt":{"rendered":"<p>O prazo anterior foi adiado devido ao grande volume de acessos Por Ag\u00eancia Brasil &#8211;<\/p>\n","protected":false},"author":2,"featured_media":2194,"comment_status":"open","ping_status":"open","sticky":false,"template":"","format":"standard","meta":{"footnotes":""},"categories":[19],"tags":[],"class_list":["post-2193","post","type-post","status-publish","format-standard","has-post-thumbnail","hentry","category-educacao"],"_links":{"self":[{"href":"https:\/\/tvc16.com\/portal\/wp-json\/wp\/v2\/posts\/2193","targetHints":{"allow":["GET"]}}],"collection":[{"href":"https:\/\/tvc16.com\/portal\/wp-json\/wp\/v2\/posts"}],"about":[{"href":"https:\/\/tvc16.com\/portal\/wp-json\/wp\/v2\/types\/post"}],"author":[{"embeddable":true,"href":"https:\/\/tvc16.com\/portal\/wp-json\/wp\/v2\/users\/2"}],"replies":[{"embeddable":true,"href":"https:\/\/tvc16.com\/portal\/wp-json\/wp\/v2\/comments?post=2193"}],"version-history":[{"count":1,"href":"https:\/\/tvc16.com\/portal\/wp-json\/wp\/v2\/posts\/2193\/revisions"}],"predecessor-version":[{"id":2195,"href":"https:\/\/tvc16.com\/portal\/wp-json\/wp\/v2\/posts\/2193\/revisions\/2195"}],"wp:featuredmedia":[{"embeddable":true,"href":"https:\/\/tvc16.com\/portal\/wp-json\/wp\/v2\/media\/2194"}],"wp:attachment":[{"href":"https:\/\/tvc16.com\/portal\/wp-json\/wp\/v2\/media?parent=2193"}],"wp:term":[{"taxonomy":"category","embeddable":true,"href":"https:\/\/tvc16.com\/portal\/wp-json\/wp\/v2\/categories?post=2193"},{"taxonomy":"post_tag","embeddable":true,"href":"https:\/\/tvc16.com\/portal\/wp-json\/wp\/v2\/tags?post=2193"}],"curies":[{"name":"wp","href":"https:\/\/api.w.org\/{rel}","templated":true}]}}