{"id":2199,"date":"2020-10-08T16:58:34","date_gmt":"2020-10-08T16:58:34","guid":{"rendered":"https:\/\/tvc16.com\/portal\/?p=2199"},"modified":"2020-10-08T17:07:29","modified_gmt":"2020-10-08T17:07:29","slug":"ans-abre-consulta-sobre-procedimentos-cobertos-por-planos-de-saude","status":"publish","type":"post","link":"https:\/\/tvc16.com\/portal\/2020\/10\/08\/ans-abre-consulta-sobre-procedimentos-cobertos-por-planos-de-saude\/","title":{"rendered":"ANS abre consulta sobre procedimentos cobertos por planos de sa\u00fade"},"content":{"rendered":"\n<p>Contribui\u00e7\u00f5es pode ser enviadas at\u00e9 o dia 21 de novembro<\/p>\n\n\n\n<h4 class=\"wp-block-heading\">Por Akemi Nitahara \u2013 Rep\u00f3rter da Ag\u00eancia Brasil &#8211; Rio de Janeiro<\/h4>\n\n\n\n<p>A Ag\u00eancia Nacional de Sa\u00fade Suplementar (ANS) inicia hoje (8) uma consulta p\u00fablica sobre a atualiza\u00e7\u00e3o do Rol de Procedimentos e Eventos em Sa\u00fade que devem ser cobertos pelos planos de sa\u00fade nos pr\u00f3ximos dois anos. Esta \u00e9 uma das etapas finais do processo de revis\u00e3o da lista de cobertura para o ciclo 2019\/2020.<img decoding=\"async\" src=\"https:\/\/agenciabrasil.ebc.com.br\/ebc.png?id=1390113&amp;o=node\"><img decoding=\"async\" src=\"https:\/\/agenciabrasil.ebc.com.br\/ebc.gif?id=1390113&amp;o=node\"><\/p>\n\n\n\n<p>As contribui\u00e7\u00f5es pode ser enviadas at\u00e9 o dia 21 de novembro, pelo&nbsp;<a href=\"http:\/\/www.ans.gov.br\/participacao-da-sociedade\/consultas-e-participacoes-publicas\/consulta-publica-n-81-atualizacao-do-rol-de-procedimentos-e-eventos-em-saude-ciclo-2019-2020\" target=\"_blank\" rel=\"noreferrer noopener\">site<\/a>&nbsp;da ag\u00eancia. Ap\u00f3s este per\u00edodo, as sugest\u00f5es ser\u00e3o consolidadas e passar\u00e3o por delibera\u00e7\u00e3o da diretoria da ANS, que dever\u00e1 publicar uma nova Resolu\u00e7\u00e3o Normativa para atualizar o rol de coberturas m\u00ednimas obrigat\u00f3rias a partir de 2021.<\/p>\n\n\n\n<p>A consulta envolve 185 propostas com as recomenda\u00e7\u00f5es t\u00e9cnicas preliminares. Desse total, 138 s\u00e3o relativas a tecnologias em sa\u00fade, como medicamentos e procedimentos. A maioria foi encaminhada \u00e0 ag\u00eancia por meio do formul\u00e1rio eletr\u00f4nico FormRol.&nbsp;<\/p>\n\n\n\n<h2 class=\"wp-block-heading\">Diretrizes de Utiliza\u00e7\u00e3o<\/h2>\n\n\n\n<p>Segundo a ANS, as demais propostas s\u00e3o para altera\u00e7\u00f5es em termos descritivos e ajustes em Diretrizes de Utiliza\u00e7\u00e3o, que j\u00e1 foram debatidas em reuni\u00f5es t\u00e9cnicas da C\u00e2mara de Sa\u00fade Suplementar (Camss) com os autores das propostas e representantes de entidades do setor.<\/p>\n\n\n\n<p>O atual ciclo de atualiza\u00e7\u00e3o come\u00e7ou em dezembro de 2018, com o recebimento de propostas por tr\u00eas meses por meio do FormRol.<\/p>\n\n\n\n<p>Depois, foi foram feitas a an\u00e1lise de elegibilidade das sugest\u00f5es, an\u00e1lise t\u00e9cnica sobre as evid\u00eancias cl\u00ednicas, avalia\u00e7\u00e3o econ\u00f4mica e an\u00e1lise de impacto or\u00e7ament\u00e1rio e, por fim, a elabora\u00e7\u00e3o das recomenda\u00e7\u00f5es t\u00e9cnicas que submetidas \u00e0 atual consulta p\u00fablica.<\/p>\n\n\n\n<p>Edi\u00e7\u00e3o: Kleber Sampaio<\/p>\n","protected":false},"excerpt":{"rendered":"<p>Contribui\u00e7\u00f5es pode ser enviadas at\u00e9 o dia 21 de novembro Por Akemi Nitahara \u2013 Rep\u00f3rter<\/p>\n","protected":false},"author":2,"featured_media":2200,"comment_status":"open","ping_status":"open","sticky":false,"template":"","format":"standard","meta":{"footnotes":""},"categories":[14],"tags":[],"class_list":["post-2199","post","type-post","status-publish","format-standard","has-post-thumbnail","hentry","category-pais"],"_links":{"self":[{"href":"https:\/\/tvc16.com\/portal\/wp-json\/wp\/v2\/posts\/2199","targetHints":{"allow":["GET"]}}],"collection":[{"href":"https:\/\/tvc16.com\/portal\/wp-json\/wp\/v2\/posts"}],"about":[{"href":"https:\/\/tvc16.com\/portal\/wp-json\/wp\/v2\/types\/post"}],"author":[{"embeddable":true,"href":"https:\/\/tvc16.com\/portal\/wp-json\/wp\/v2\/users\/2"}],"replies":[{"embeddable":true,"href":"https:\/\/tvc16.com\/portal\/wp-json\/wp\/v2\/comments?post=2199"}],"version-history":[{"count":1,"href":"https:\/\/tvc16.com\/portal\/wp-json\/wp\/v2\/posts\/2199\/revisions"}],"predecessor-version":[{"id":2201,"href":"https:\/\/tvc16.com\/portal\/wp-json\/wp\/v2\/posts\/2199\/revisions\/2201"}],"wp:featuredmedia":[{"embeddable":true,"href":"https:\/\/tvc16.com\/portal\/wp-json\/wp\/v2\/media\/2200"}],"wp:attachment":[{"href":"https:\/\/tvc16.com\/portal\/wp-json\/wp\/v2\/media?parent=2199"}],"wp:term":[{"taxonomy":"category","embeddable":true,"href":"https:\/\/tvc16.com\/portal\/wp-json\/wp\/v2\/categories?post=2199"},{"taxonomy":"post_tag","embeddable":true,"href":"https:\/\/tvc16.com\/portal\/wp-json\/wp\/v2\/tags?post=2199"}],"curies":[{"name":"wp","href":"https:\/\/api.w.org\/{rel}","templated":true}]}}