{"id":2202,"date":"2020-10-08T16:59:47","date_gmt":"2020-10-08T16:59:47","guid":{"rendered":"https:\/\/tvc16.com\/portal\/?p=2202"},"modified":"2020-10-08T16:59:47","modified_gmt":"2020-10-08T16:59:47","slug":"bruno-soares-faz-historia-e-vai-a-final-de-duplas-em-roland-garros","status":"publish","type":"post","link":"https:\/\/tvc16.com\/portal\/2020\/10\/08\/bruno-soares-faz-historia-e-vai-a-final-de-duplas-em-roland-garros\/","title":{"rendered":"Bruno Soares faz hist\u00f3ria e vai \u00e0 final de duplas em Roland Garros"},"content":{"rendered":"\n<p>Ao superar colombianos, brasileiro chega a decis\u00e3o pela primeira vez<\/p>\n\n\n\n<h4 class=\"wp-block-heading\">Por Juliano Justo &#8211; Ag\u00eancia Brasil &#8211; S\u00e3o Paulo<\/h4>\n\n\n\n<p>Nesta quinta-feira (8), o brasileiro Bruno Soares, ao lado de Mate Pavi\u0107, se garantiu na segunda decis\u00e3o seguida de Grand Slams nessa temporada. A dupla superou os colombianos Juan Cabal e Robert Farah (cabe\u00e7a de chave n\u00famero 1) na semifinal de Roland Garros. A vit\u00f3ria foi em&nbsp;<em>sets&nbsp;<\/em>seguidos (7\/6, 7\/5), em 1h44min. Depois de vencer o&nbsp;<em>US Open<\/em>, Soares vai fazer a primeira final do Grand Slam parisiense na carreira.<img decoding=\"async\" src=\"https:\/\/agenciabrasil.ebc.com.br\/ebc.png?id=1390110&amp;o=node\"><img decoding=\"async\" src=\"https:\/\/agenciabrasil.ebc.com.br\/ebc.gif?id=1390110&amp;o=node\"><\/p>\n\n\n\n<p>Sem quebras, o primeiro&nbsp;<em>set<\/em>&nbsp;foi decidido apenas no&nbsp;<em>tie-break<\/em>. No segundo, a lideran\u00e7a parcial foi dos advers\u00e1rios do brasileiro e do croata at\u00e9 4\/2. Mas, com duas quebras, Soares e Pavi\u0107 viraram e fecharam o jogo em 7\/5. A chegada \u00e0 decis\u00e3o coloca tamb\u00e9m o tenista mineiro no top 10 do&nbsp;<em>ranking<\/em>&nbsp;de duplas da ATP. Aos 38 anos, Soares j\u00e1 tem dois t\u00edtulos no<em>&nbsp;US Open&nbsp;<\/em>e um no&nbsp;<em>Australian Open<\/em>. Agora, ele e Mate Pavi\u0107 aguardam o vencedor da outra semifinal entre o holand\u00eas Wesley Koolhof e o croata Nikola Mekti\u0107 com os alem\u00e3es (atuais campe\u00f5es do torneio) Andreas Mies e Kevin Krawietz.<\/p>\n\n\n\n<p>Edi\u00e7\u00e3o: Val\u00e9ria Aguiar<\/p>\n","protected":false},"excerpt":{"rendered":"<p>Ao superar colombianos, brasileiro chega a decis\u00e3o pela primeira vez Por Juliano Justo &#8211; Ag\u00eancia<\/p>\n","protected":false},"author":2,"featured_media":2203,"comment_status":"open","ping_status":"open","sticky":false,"template":"","format":"standard","meta":{"footnotes":""},"categories":[20],"tags":[],"class_list":["post-2202","post","type-post","status-publish","format-standard","has-post-thumbnail","hentry","category-esporte"],"_links":{"self":[{"href":"https:\/\/tvc16.com\/portal\/wp-json\/wp\/v2\/posts\/2202","targetHints":{"allow":["GET"]}}],"collection":[{"href":"https:\/\/tvc16.com\/portal\/wp-json\/wp\/v2\/posts"}],"about":[{"href":"https:\/\/tvc16.com\/portal\/wp-json\/wp\/v2\/types\/post"}],"author":[{"embeddable":true,"href":"https:\/\/tvc16.com\/portal\/wp-json\/wp\/v2\/users\/2"}],"replies":[{"embeddable":true,"href":"https:\/\/tvc16.com\/portal\/wp-json\/wp\/v2\/comments?post=2202"}],"version-history":[{"count":1,"href":"https:\/\/tvc16.com\/portal\/wp-json\/wp\/v2\/posts\/2202\/revisions"}],"predecessor-version":[{"id":2204,"href":"https:\/\/tvc16.com\/portal\/wp-json\/wp\/v2\/posts\/2202\/revisions\/2204"}],"wp:featuredmedia":[{"embeddable":true,"href":"https:\/\/tvc16.com\/portal\/wp-json\/wp\/v2\/media\/2203"}],"wp:attachment":[{"href":"https:\/\/tvc16.com\/portal\/wp-json\/wp\/v2\/media?parent=2202"}],"wp:term":[{"taxonomy":"category","embeddable":true,"href":"https:\/\/tvc16.com\/portal\/wp-json\/wp\/v2\/categories?post=2202"},{"taxonomy":"post_tag","embeddable":true,"href":"https:\/\/tvc16.com\/portal\/wp-json\/wp\/v2\/tags?post=2202"}],"curies":[{"name":"wp","href":"https:\/\/api.w.org\/{rel}","templated":true}]}}