{"id":2205,"date":"2020-10-08T17:01:13","date_gmt":"2020-10-08T17:01:13","guid":{"rendered":"https:\/\/tvc16.com\/portal\/?p=2205"},"modified":"2020-10-08T17:01:13","modified_gmt":"2020-10-08T17:01:13","slug":"rio-de-janeiro-define-protocolo-de-volta-as-aulas","status":"publish","type":"post","link":"https:\/\/tvc16.com\/portal\/2020\/10\/08\/rio-de-janeiro-define-protocolo-de-volta-as-aulas\/","title":{"rendered":"Rio de Janeiro define protocolo de volta \u00e0s aulas"},"content":{"rendered":"\n<p>N\u00e3o precisar\u00e3o retornar os servidores do grupo de risco<\/p>\n\n\n\n<h4 class=\"wp-block-heading\">Por Cristina Indio do Brasil &#8211; Rep\u00f3rter da Ag\u00eancia Brasil &#8211; Rio de Janeiro<\/h4>\n\n\n\n<p>O governo do Rio de Janeiro definiu um protocolo para a volta \u00e0s aulas no estado. A resolu\u00e7\u00e3o da Secretaria de Estado de Educa\u00e7\u00e3o (Seeduc), publicada hoje (8) no&nbsp;<em>Di\u00e1rio Oficial<\/em>&nbsp;do estado, estabelece os procedimentos para o retorno das atividades presenciais dos professores e profissionais da educa\u00e7\u00e3o nas unidades escolares da rede estadual de ensino.<img decoding=\"async\" src=\"https:\/\/agenciabrasil.ebc.com.br\/ebc.png?id=1390112&amp;o=node\"><img decoding=\"async\" src=\"https:\/\/agenciabrasil.ebc.com.br\/ebc.gif?id=1390112&amp;o=node\"><\/p>\n\n\n\n<p>De acordo com a Seeduc, n\u00e3o precisar\u00e3o retornar \u00e0s aulas presenciais os servidores que est\u00e3o enquadrados nos grupos vulner\u00e1veis da covid-19, como imunodeprimidos, indiv\u00edduos com 60 anos de idade ou mais, que possuem doen\u00e7as cr\u00f4nicas; gestantes e pu\u00e9rperas.<\/p>\n\n\n\n<p>O retorno das aulas presenciais, ainda sem data marcada, ser\u00e1 apenas para turmas da 3\u00aa s\u00e9rie do ensino m\u00e9dio e da Fase IV de Educa\u00e7\u00e3o de Jovens e Adultos (EJA). \u201cOs col\u00e9gios localizados em munic\u00edpios que n\u00e3o autorizaram a flexibiliza\u00e7\u00e3o das regras do isolamento social dever\u00e3o dar continuidade das atividades exclusivamente remotas\u201d, informou a secretaria em nota.<\/p>\n\n\n\n<h2 class=\"wp-block-heading\">Testes r\u00e1pidos<\/h2>\n\n\n\n<p>Antes da retomada ser\u00e3o disponibilizados mais de 30 mil testes r\u00e1pidos (Igm\/IgG) em uma parceria entre as secretarias de Sa\u00fade e de Educa\u00e7\u00e3o. A testagem ser\u00e1 feita apenas para os profissionais que devem retornar \u00e0s aulas ainda em 2020. O teste n\u00e3o ser\u00e1 obrigat\u00f3rio.<\/p>\n\n\n\n<p>Conforme a resolu\u00e7\u00e3o, a testagem dos docentes dever\u00e1 ocorrer nas unidades municipais de sa\u00fade mais pr\u00f3ximas das escolas ou das resid\u00eancias dos profissionais. Em uma outra resolu\u00e7\u00e3o, que ser\u00e1 divulgada na pr\u00f3xima semana, a secretaria vai indicar os locais para os testes e demais orienta\u00e7\u00f5es.<\/p>\n\n\n\n<p>O secret\u00e1rio de estado de Educa\u00e7\u00e3o, Comte Bittencourt, disse que est\u00e3o sendo cumpridos as fases e os protocolos de sa\u00fade necess\u00e1rios para a retomada segura das aulas presenciais na rede de ensino. \u201cEstamos trabalhando em conjunto com a Secretaria de Sa\u00fade, que est\u00e1 nos disponibilizando mais de 30 mil testes r\u00e1pidos, e acionando as redes municipais de sa\u00fade para que os nossos servidores tenham conforto e seguran\u00e7a nessa retomada\u201d.<\/p>\n\n\n\n<h2 class=\"wp-block-heading\">Resultados<\/h2>\n\n\n\n<p>Se o resultado do exame detectar o IgM reagente, o servidor dever\u00e1 aguardar sete dias, no m\u00ednimo, para retornar \u00e0s atividades. Os que tiverem sintomas da covid-19, na \u00faltima semana, dever\u00e3o ser encaminhados para avalia\u00e7\u00e3o cl\u00ednica e, se necess\u00e1rio, far\u00e3o um teste PCR, realizado nas mucosas respirat\u00f3rias. A testagem ser\u00e1 na unidade de sa\u00fade pr\u00f3xima a sua resid\u00eancia ou unidade escolar. Caso indique a doen\u00e7a, o servidor s\u00f3 poder\u00e1 retornar \u00e0s atividades depois de 14 dias ou com a apresenta\u00e7\u00e3o de laudo m\u00e9dico. Em caso de avalia\u00e7\u00e3o cl\u00ednica, o servidor deve solicitar ao m\u00e9dico uma manifesta\u00e7\u00e3o sobre a necessidade do afastamento de suas atividades at\u00e9 o resultado do exame (RT-PCR).<\/p>\n\n\n\n<p>Os servidores que estiverem com sintomas da covid-19, como febre, dores no corpo e perda de olfato e paladar, ficar\u00e3o temporariamente afastados das atividades presenciais, o que tamb\u00e9m ocorrer\u00e1 com os assintom\u00e1ticos que testaram positivo para a covid. J\u00e1 o servidor que n\u00e3o estiver em grupos vulner\u00e1veis e tenha resultado negativo do exame da covid, dever\u00e1 retornar \u00e0s aulas presenciais.<\/p>\n\n\n\n<p>A resolu\u00e7\u00e3o recomenda ainda a quem tiver contato ou morar com pessoas com resultados positivos da covid-19, que se ausente do ambiente escolar, obedecendo aos protocolos de isolamento domiciliar.<\/p>\n\n\n\n<h2 class=\"wp-block-heading\">Comorbidades<\/h2>\n\n\n\n<p>Um levantamento da Seeduc nas unidades escolares com professores e servidores vai indicar os que est\u00e3o em grupos vulner\u00e1veis da covid-19. E ser\u00e1 feito por meio da avalia\u00e7\u00e3o dos formul\u00e1rios disponibilizados pela Superintend\u00eancia de Gest\u00e3o de Pessoas, preenchidos pelos profissionais, que se autodeclararam como grupo de risco. Entre os docentes, somente os alocados em turmas da 3\u00aa s\u00e9rie do ensino m\u00e9dio e do Ensino de Jovens e Adultos (EJA) participam do levantamento.<\/p>\n\n\n\n<p>A secretaria orientou \u00e0s diretorias das escolas a manter registro, sempre atualizado, de todos os profissionais afastados pela covid.<\/p>\n\n\n\n<h2 class=\"wp-block-heading\">Prepara\u00e7\u00e3o<\/h2>\n\n\n\n<p>A Seeduc informou que nesta semana as escolas est\u00e3o preparando os seus espa\u00e7os para garantir o distanciamento social e adquirindo equipamentos de prote\u00e7\u00e3o individual (EPIs), como luvas e&nbsp;<em>face shield<\/em>&nbsp;para os profissionais, al\u00e9m de m\u00e1scaras para os servidores e os alunos. As escolas tamb\u00e9m ter\u00e3o&nbsp;<em>dispensers<\/em>&nbsp;para \u00e1lcool em gel 70% e tapetes sanitizantes.&nbsp;<\/p>\n\n\n\n<p>O governo do estado fez o refor\u00e7o de R$ 9 milh\u00f5es para a compra dos materiais para cerca de 1,2 mil escolas.<\/p>\n\n\n\n<p>Edi\u00e7\u00e3o: Fernando Fraga<\/p>\n","protected":false},"excerpt":{"rendered":"<p>N\u00e3o precisar\u00e3o retornar os servidores do grupo de risco Por Cristina Indio do Brasil &#8211;<\/p>\n","protected":false},"author":2,"featured_media":2206,"comment_status":"open","ping_status":"open","sticky":false,"template":"","format":"standard","meta":{"footnotes":""},"categories":[17],"tags":[],"class_list":["post-2205","post","type-post","status-publish","format-standard","has-post-thumbnail","hentry","category-outras-noticias"],"_links":{"self":[{"href":"https:\/\/tvc16.com\/portal\/wp-json\/wp\/v2\/posts\/2205","targetHints":{"allow":["GET"]}}],"collection":[{"href":"https:\/\/tvc16.com\/portal\/wp-json\/wp\/v2\/posts"}],"about":[{"href":"https:\/\/tvc16.com\/portal\/wp-json\/wp\/v2\/types\/post"}],"author":[{"embeddable":true,"href":"https:\/\/tvc16.com\/portal\/wp-json\/wp\/v2\/users\/2"}],"replies":[{"embeddable":true,"href":"https:\/\/tvc16.com\/portal\/wp-json\/wp\/v2\/comments?post=2205"}],"version-history":[{"count":1,"href":"https:\/\/tvc16.com\/portal\/wp-json\/wp\/v2\/posts\/2205\/revisions"}],"predecessor-version":[{"id":2207,"href":"https:\/\/tvc16.com\/portal\/wp-json\/wp\/v2\/posts\/2205\/revisions\/2207"}],"wp:featuredmedia":[{"embeddable":true,"href":"https:\/\/tvc16.com\/portal\/wp-json\/wp\/v2\/media\/2206"}],"wp:attachment":[{"href":"https:\/\/tvc16.com\/portal\/wp-json\/wp\/v2\/media?parent=2205"}],"wp:term":[{"taxonomy":"category","embeddable":true,"href":"https:\/\/tvc16.com\/portal\/wp-json\/wp\/v2\/categories?post=2205"},{"taxonomy":"post_tag","embeddable":true,"href":"https:\/\/tvc16.com\/portal\/wp-json\/wp\/v2\/tags?post=2205"}],"curies":[{"name":"wp","href":"https:\/\/api.w.org\/{rel}","templated":true}]}}