{"id":2212,"date":"2020-10-08T17:08:29","date_gmt":"2020-10-08T17:08:29","guid":{"rendered":"https:\/\/tvc16.com\/portal\/?p=2212"},"modified":"2020-10-08T17:08:29","modified_gmt":"2020-10-08T17:08:29","slug":"senadores-acertam-pauta-com-bolsonaro-em-almoco-no-planalto","status":"publish","type":"post","link":"https:\/\/tvc16.com\/portal\/2020\/10\/08\/senadores-acertam-pauta-com-bolsonaro-em-almoco-no-planalto\/","title":{"rendered":"Senadores acertam pauta com Bolsonaro em almo\u00e7o no Planalto"},"content":{"rendered":"\n<p>Um grupo de senadores almo\u00e7ou, nesta quarta-feira (7), com o presidente da Rep\u00fablica, Jair Bolsonaro, no Pal\u00e1cio do Planalto. Na chegada, o l\u00edder do governo no Congresso, senador Eduardo Gomes (MDB-TO), disse que v\u00e1rios assuntos seriam tratados na reuni\u00e3o. Ele mencionou projetos que interessam ao Executivo e ainda a vota\u00e7\u00e3o de autoridades como exemplos dos assuntos que seriam tema do encontro.<\/p>\n\n\n\n<p>\u2014 Renda Cidad\u00e3, pacto federativo, uma s\u00e9rie de mat\u00e9rias importantes. Pol\u00edtica \u00e9 uma coisa que \u00e0s vezes a gente n\u00e3o entende direito. O governo est\u00e1 discutindo muito, o Congresso est\u00e1 discutindo muito. Mas, ainda assim, historicamente, este \u00e9 o governo que maior n\u00famero de reformas aprovou no Congresso Nacional \u2014 declarou o senador.<\/p>\n\n\n\n<p>Eduardo Gomes afirmou que o governo est\u00e1 \u201ctrabalhando intensamente\u201d para buscar uma solu\u00e7\u00e3o de financiamento para o programa Renda Cidad\u00e3. Segundo ele, o relator do Or\u00e7amento para 2021, senador M\u00e1rcio Bittar (MDB-AC), tamb\u00e9m tem feito um \u201cesfor\u00e7o muito grande, com compet\u00eancia, paci\u00eancia e di\u00e1logo\u201d, para encontrar as soluc\u00f5es para a demandas da sociedade. Eduardo Gomes ressaltou que todos os assuntos devem obedecer a dois princ\u00edpios acordados entre as lideran\u00e7as e o governo: o respeito ao teto de gastos e a n\u00e3o eleva\u00e7\u00e3o da carga tribut\u00e1ria.<\/p>\n\n\n\n<p>Ao sair do almo\u00e7o, o senador Marcos Rog\u00e9rio (DEM-RO) &nbsp;afirmou que n\u00e3o havia uma pauta espec\u00edfica no encontro. Segundo o senador, foi \u201cum almo\u00e7o de aproxima\u00e7\u00e3o dos que j\u00e1 s\u00e3o pr\u00f3ximos\u201d, sem discuss\u00e3o sobre economia ou pol\u00edtica. Na vis\u00e3o do senador, com a pandemia do coronav\u00edrus, houve um esfor\u00e7o do governo e do Congresso para atender demandas de \u00e1reas como transporte, setor el\u00e9trico e pequenas empresas. Ele apontou, por\u00e9m, que \u201cn\u00e3o h\u00e1 como pensar o Brasil para frente sem dar garantias a quem est\u00e1 em situa\u00e7\u00e3o de vulnerabilidade social e que precisa desse apoio\u201d.<\/p>\n\n\n\n<p>\u2014 [O Renda Cidad\u00e3] \u00e9 um programa social fundamental e deve ser discutido. Quanto ao tempo, se agora ou pouco mais \u00e0 frente, n\u00e3o faz diferen\u00e7a. \u00c9 um tema necess\u00e1rio, que tem que ser colocado na mesa no momento certo e com a proposta adequada \u2014 afirmou o senador.<\/p>\n\n\n\n<p><strong>STF e TCU<\/strong><\/p>\n\n\n\n<p>Marcos Rog\u00e9rio negou que a indica\u00e7\u00e3o do desembargador Kassio Nunes Marques para o Supremo Tribunal Federal (STF) tenha sido tratada durante o almo\u00e7o. O senador lembrou que a prerrogativa de indicar algu\u00e9m para o Supremo \u00e9 da Presid\u00eancia da Rep\u00fablica, assim como o Senado tem a prerrogativa de examinar a indica\u00e7\u00e3o. E acrescentou que, a partir de agora, cada senador ter\u00e1 a oportunidade de conhecer melhor o indicado e decidir seu voto. &nbsp;<\/p>\n\n\n\n<p>\u2014 Acho que o presidente n\u00e3o indicaria algu\u00e9m que n\u00e3o preenchesse os requisitos. N\u00e3o vejo, at\u00e9 este momento, nada que desabone a conduta do desembargador ou que o desqualifique para o cargo \u2014 afirmou Marcos Rog\u00e9rio, fazendo refer\u00eancia ao curr\u00edculo de Kassio Marques. &nbsp;&nbsp;<\/p>\n\n\n\n<p>O l\u00edder Eduardo Gomes disse acreditar em uma vota\u00e7\u00e3o tranquila na indica\u00e7\u00e3o do desembargador Kassio Marques para o STF. Tamb\u00e9m segundo o l\u00edder, uma poss\u00edvel indica\u00e7\u00e3o do ministro da Secretaria-Geral da Presid\u00eancia, Jorge Oliveira, para ocupar uma cadeira no Tribunal de Contas da Uni\u00e3o (TCU), seria positiva diante do \u201cgrande servi\u00e7o que o ministro j\u00e1 prestou ao pa\u00eds\u201d.<\/p>\n\n\n\n<p>O presidente do Senado, Davi Alcolumbre, e os senadores Roberto Rocha (PSDB-MA), Ciro Nogueira (PP-PI), Chico Rodrigues (DEM-RR), Eduardo Braga (MDB-AM), Elmano F\u00e9rrer (PP-PI). Luis Carlos Heinze (PP-RS) e Rodrigo Pacheco (DEM-MG) tamb\u00e9m participaram do encontro. Pelo Twitter, Rodrigo Pacheco registrou que a reuni\u00e3o tamb\u00e9m contou com a presen\u00e7a de ministros do governo, \u201cpara tratar das pautas priorit\u00e1rias que dever\u00e3o ser analisadas at\u00e9 o final do ano\u201d.<\/p>\n\n\n\n<p>Fonte: Ag\u00eancia Senado<\/p>\n","protected":false},"excerpt":{"rendered":"<p>Um grupo de senadores almo\u00e7ou, nesta quarta-feira (7), com o presidente da Rep\u00fablica, Jair Bolsonaro,<\/p>\n","protected":false},"author":2,"featured_media":2213,"comment_status":"open","ping_status":"open","sticky":false,"template":"","format":"standard","meta":{"footnotes":""},"categories":[15],"tags":[],"class_list":["post-2212","post","type-post","status-publish","format-standard","has-post-thumbnail","hentry","category-politica"],"_links":{"self":[{"href":"https:\/\/tvc16.com\/portal\/wp-json\/wp\/v2\/posts\/2212","targetHints":{"allow":["GET"]}}],"collection":[{"href":"https:\/\/tvc16.com\/portal\/wp-json\/wp\/v2\/posts"}],"about":[{"href":"https:\/\/tvc16.com\/portal\/wp-json\/wp\/v2\/types\/post"}],"author":[{"embeddable":true,"href":"https:\/\/tvc16.com\/portal\/wp-json\/wp\/v2\/users\/2"}],"replies":[{"embeddable":true,"href":"https:\/\/tvc16.com\/portal\/wp-json\/wp\/v2\/comments?post=2212"}],"version-history":[{"count":1,"href":"https:\/\/tvc16.com\/portal\/wp-json\/wp\/v2\/posts\/2212\/revisions"}],"predecessor-version":[{"id":2214,"href":"https:\/\/tvc16.com\/portal\/wp-json\/wp\/v2\/posts\/2212\/revisions\/2214"}],"wp:featuredmedia":[{"embeddable":true,"href":"https:\/\/tvc16.com\/portal\/wp-json\/wp\/v2\/media\/2213"}],"wp:attachment":[{"href":"https:\/\/tvc16.com\/portal\/wp-json\/wp\/v2\/media?parent=2212"}],"wp:term":[{"taxonomy":"category","embeddable":true,"href":"https:\/\/tvc16.com\/portal\/wp-json\/wp\/v2\/categories?post=2212"},{"taxonomy":"post_tag","embeddable":true,"href":"https:\/\/tvc16.com\/portal\/wp-json\/wp\/v2\/tags?post=2212"}],"curies":[{"name":"wp","href":"https:\/\/api.w.org\/{rel}","templated":true}]}}