{"id":2215,"date":"2020-10-08T17:12:16","date_gmt":"2020-10-08T17:12:16","guid":{"rendered":"https:\/\/tvc16.com\/portal\/?p=2215"},"modified":"2020-10-08T17:12:16","modified_gmt":"2020-10-08T17:12:16","slug":"congresso-tem-que-retomar-debate-sobre-valorizacao-do-salario-minimo-diz-paim","status":"publish","type":"post","link":"https:\/\/tvc16.com\/portal\/2020\/10\/08\/congresso-tem-que-retomar-debate-sobre-valorizacao-do-salario-minimo-diz-paim\/","title":{"rendered":"Congresso tem que retomar debate sobre valoriza\u00e7\u00e3o do sal\u00e1rio m\u00ednimo, diz Paim"},"content":{"rendered":"\n<p>O senador Paulo Paim (PT-RS) defendeu, em pronunciamento nesta quarta-feira (7), que o Congresso retome o debate sobre a pol\u00edtica de valoriza\u00e7\u00e3o do sal\u00e1rio m\u00ednimo que, segundo ele, foi destru\u00edda pelo atual governo.<\/p>\n\n\n\n<p>De acordo com Paim, o m\u00ednimo \u00e9 o melhor distribuidor de renda e serve como referencial para os valores pagos ao trabalhador.<\/p>\n\n\n\n<p>\u2014&nbsp;Em programas sociais, aumentar a renda das camadas mais pobres leva ao aumento de produ\u00e7\u00e3o e de consumo, melhorando, inclusive, a qualidade de vida, criando um c\u00edrculo virtuoso. Hoje 49 milh\u00f5es recebem o m\u00ednimo, que atinge mais 100 milh\u00f5es de pessoas&nbsp;\u2014 afirmou.<\/p>\n\n\n\n<p>Para o senador, a recomposi\u00e7\u00e3o do m\u00ednimo deve ser feita pelo PIB e a varia\u00e7\u00e3o da infla\u00e7\u00e3o.&nbsp;&nbsp;<\/p>\n\n\n\n<p>\u2014&nbsp;O pa\u00eds tem que valorizar o sal\u00e1rio-m\u00ednimo. O Congresso tem que retomar esse assunto&nbsp;\u2014 defendeu.<\/p>\n\n\n\n<p>Fonte: Ag\u00eancia Senado<\/p>\n","protected":false},"excerpt":{"rendered":"<p>O senador Paulo Paim (PT-RS) defendeu, em pronunciamento nesta quarta-feira (7), que o Congresso retome<\/p>\n","protected":false},"author":2,"featured_media":2216,"comment_status":"open","ping_status":"open","sticky":false,"template":"","format":"standard","meta":{"footnotes":""},"categories":[15],"tags":[],"class_list":["post-2215","post","type-post","status-publish","format-standard","has-post-thumbnail","hentry","category-politica"],"_links":{"self":[{"href":"https:\/\/tvc16.com\/portal\/wp-json\/wp\/v2\/posts\/2215","targetHints":{"allow":["GET"]}}],"collection":[{"href":"https:\/\/tvc16.com\/portal\/wp-json\/wp\/v2\/posts"}],"about":[{"href":"https:\/\/tvc16.com\/portal\/wp-json\/wp\/v2\/types\/post"}],"author":[{"embeddable":true,"href":"https:\/\/tvc16.com\/portal\/wp-json\/wp\/v2\/users\/2"}],"replies":[{"embeddable":true,"href":"https:\/\/tvc16.com\/portal\/wp-json\/wp\/v2\/comments?post=2215"}],"version-history":[{"count":1,"href":"https:\/\/tvc16.com\/portal\/wp-json\/wp\/v2\/posts\/2215\/revisions"}],"predecessor-version":[{"id":2217,"href":"https:\/\/tvc16.com\/portal\/wp-json\/wp\/v2\/posts\/2215\/revisions\/2217"}],"wp:featuredmedia":[{"embeddable":true,"href":"https:\/\/tvc16.com\/portal\/wp-json\/wp\/v2\/media\/2216"}],"wp:attachment":[{"href":"https:\/\/tvc16.com\/portal\/wp-json\/wp\/v2\/media?parent=2215"}],"wp:term":[{"taxonomy":"category","embeddable":true,"href":"https:\/\/tvc16.com\/portal\/wp-json\/wp\/v2\/categories?post=2215"},{"taxonomy":"post_tag","embeddable":true,"href":"https:\/\/tvc16.com\/portal\/wp-json\/wp\/v2\/tags?post=2215"}],"curies":[{"name":"wp","href":"https:\/\/api.w.org\/{rel}","templated":true}]}}