{"id":2218,"date":"2020-10-08T17:16:22","date_gmt":"2020-10-08T17:16:22","guid":{"rendered":"https:\/\/tvc16.com\/portal\/?p=2218"},"modified":"2020-10-08T17:16:22","modified_gmt":"2020-10-08T17:16:22","slug":"a-firjan-senai-oferece-985-vagas-gratuitas-para-cursos-de-qualificacao-profissional","status":"publish","type":"post","link":"https:\/\/tvc16.com\/portal\/2020\/10\/08\/a-firjan-senai-oferece-985-vagas-gratuitas-para-cursos-de-qualificacao-profissional\/","title":{"rendered":"A Firjan SENAI oferece 985 vagas gratuitas para cursos de qualifica\u00e7\u00e3o profissional"},"content":{"rendered":"\n<p>A\u00a0Firjan SENAI\u00a0oferece\u00a0985 vagas gratuitas\u00a0para\u00a0cursos da modalidade qualifica\u00e7\u00e3o profissional totalmente a dist\u00e2ncia\u00a0em todo o estado do Rio. As oportunidades s\u00e3o\u00a0para o p\u00fablico em geral, com\u00a0renda familiar mensal per capita de no m\u00e1ximo 1,5 sal\u00e1rio m\u00ednimo federal. <\/p>\n\n\n\n<p>J\u00e1 os pr\u00e9-requisitos de\u00a0idade e escolaridade s\u00e3o de acordo com cada t\u00edtulo.\u00a0As inscri\u00e7\u00f5es devem ser realizadas at\u00e9 o\u00a0dia 12 de outubro, no site\u00a0www.firjansenai.com.br\/vagasgratuitas.<br>\u00a0<br>S\u00e3o\u00a013 t\u00edtulos, com\u00a0carga hor\u00e1ria entre 160 e 240 horas, e o\u00a0in\u00edcio das aulas ser\u00e1 a partir do dia 06\/10. As oportunidades s\u00e3o para\u00a0diversas \u00e1reas, como Assistente de Produ\u00e7\u00e3o Industrial, Eletricista de Autom\u00f3veis e Mec\u00e2nico de Refrigera\u00e7\u00e3o e Climatiza\u00e7\u00e3o Residencial.\u00a0\u00a0<\/p>\n","protected":false},"excerpt":{"rendered":"<p>A\u00a0Firjan SENAI\u00a0oferece\u00a0985 vagas gratuitas\u00a0para\u00a0cursos da modalidade qualifica\u00e7\u00e3o profissional totalmente a dist\u00e2ncia\u00a0em todo o estado do<\/p>\n","protected":false},"author":2,"featured_media":2219,"comment_status":"open","ping_status":"open","sticky":false,"template":"","format":"standard","meta":{"footnotes":""},"categories":[19],"tags":[],"class_list":["post-2218","post","type-post","status-publish","format-standard","has-post-thumbnail","hentry","category-educacao"],"_links":{"self":[{"href":"https:\/\/tvc16.com\/portal\/wp-json\/wp\/v2\/posts\/2218","targetHints":{"allow":["GET"]}}],"collection":[{"href":"https:\/\/tvc16.com\/portal\/wp-json\/wp\/v2\/posts"}],"about":[{"href":"https:\/\/tvc16.com\/portal\/wp-json\/wp\/v2\/types\/post"}],"author":[{"embeddable":true,"href":"https:\/\/tvc16.com\/portal\/wp-json\/wp\/v2\/users\/2"}],"replies":[{"embeddable":true,"href":"https:\/\/tvc16.com\/portal\/wp-json\/wp\/v2\/comments?post=2218"}],"version-history":[{"count":1,"href":"https:\/\/tvc16.com\/portal\/wp-json\/wp\/v2\/posts\/2218\/revisions"}],"predecessor-version":[{"id":2220,"href":"https:\/\/tvc16.com\/portal\/wp-json\/wp\/v2\/posts\/2218\/revisions\/2220"}],"wp:featuredmedia":[{"embeddable":true,"href":"https:\/\/tvc16.com\/portal\/wp-json\/wp\/v2\/media\/2219"}],"wp:attachment":[{"href":"https:\/\/tvc16.com\/portal\/wp-json\/wp\/v2\/media?parent=2218"}],"wp:term":[{"taxonomy":"category","embeddable":true,"href":"https:\/\/tvc16.com\/portal\/wp-json\/wp\/v2\/categories?post=2218"},{"taxonomy":"post_tag","embeddable":true,"href":"https:\/\/tvc16.com\/portal\/wp-json\/wp\/v2\/tags?post=2218"}],"curies":[{"name":"wp","href":"https:\/\/api.w.org\/{rel}","templated":true}]}}