{"id":2240,"date":"2020-10-08T18:53:49","date_gmt":"2020-10-08T18:53:49","guid":{"rendered":"https:\/\/tvc16.com\/portal\/?p=2240"},"modified":"2020-10-08T18:53:49","modified_gmt":"2020-10-08T18:53:49","slug":"area-segurada-da-safra-de-inverno-pelo-premio-de-seguro-rural-cresceu-56-diz-mapa","status":"publish","type":"post","link":"https:\/\/tvc16.com\/portal\/2020\/10\/08\/area-segurada-da-safra-de-inverno-pelo-premio-de-seguro-rural-cresceu-56-diz-mapa\/","title":{"rendered":"\u00c1rea segurada da safra de inverno pelo Pr\u00eamio de Seguro Rural cresceu 56%, diz Mapa"},"content":{"rendered":"\n<p>O Minist\u00e9rio da Agricultura, Pecu\u00e1ria e Abastecimento (Mapa) divulgou o resultado das contrata\u00e7\u00f5es de seguro rural da safra de inverno 2020, que tiveram apoio do Programa de Subven\u00e7\u00e3o ao Pr\u00eamio do Seguro Rural (PSR). Segundo o \u00f3rg\u00e3o, foram 44.787 ap\u00f3lices contratadas, aumento de 62% em rela\u00e7\u00e3o ao mesmo per\u00edodo do ano passado.&nbsp;<\/p>\n\n\n\n<p>J\u00e1 a \u00e1rea segurada cresceu 56%, totalizando 3,1 milh\u00f5es de hectares. O valor total segurado foi de R$ 6,4 bilh\u00f5es, um crescimento de 87% em rela\u00e7\u00e3o \u00e0 safra anterior. Para o Mapa, os n\u00fameros se devem ao or\u00e7amento de R$ 250 milh\u00f5es destinados para a subven\u00e7\u00e3o ao produtor rural, mais do que o dobro destinado para a safra de inverno passada. &nbsp;<\/p>\n\n\n\n<p>Qualquer produtor rural, pessoa f\u00edsica ou jur\u00eddica, que cultive ou produza esp\u00e9cies contempladas pelo programa pode contratar o seguro rural. Para isso, deve procurar um corretor ou institui\u00e7\u00e3o financeira que comercialize as ap\u00f3lices. Atualmente, 14 seguradoras est\u00e3o habilitadas para operar no PSR.<\/p>\n\n\n\n<p>Fonte: <a href=\"https:\/\/brasil61.com\/noticias\/area-segurada-da-safra-de-inverno-pelo-premio-de-seguro-rural-cresceu-56-diz-mapa-bras202147\" target=\"_blank\" rel=\"noreferrer noopener\">Brasil 61<\/a><\/p>\n","protected":false},"excerpt":{"rendered":"<p>O Minist\u00e9rio da Agricultura, Pecu\u00e1ria e Abastecimento (Mapa) divulgou o resultado das contrata\u00e7\u00f5es de seguro<\/p>\n","protected":false},"author":2,"featured_media":2241,"comment_status":"open","ping_status":"open","sticky":false,"template":"","format":"standard","meta":{"footnotes":""},"categories":[17],"tags":[],"class_list":["post-2240","post","type-post","status-publish","format-standard","has-post-thumbnail","hentry","category-outras-noticias"],"_links":{"self":[{"href":"https:\/\/tvc16.com\/portal\/wp-json\/wp\/v2\/posts\/2240","targetHints":{"allow":["GET"]}}],"collection":[{"href":"https:\/\/tvc16.com\/portal\/wp-json\/wp\/v2\/posts"}],"about":[{"href":"https:\/\/tvc16.com\/portal\/wp-json\/wp\/v2\/types\/post"}],"author":[{"embeddable":true,"href":"https:\/\/tvc16.com\/portal\/wp-json\/wp\/v2\/users\/2"}],"replies":[{"embeddable":true,"href":"https:\/\/tvc16.com\/portal\/wp-json\/wp\/v2\/comments?post=2240"}],"version-history":[{"count":1,"href":"https:\/\/tvc16.com\/portal\/wp-json\/wp\/v2\/posts\/2240\/revisions"}],"predecessor-version":[{"id":2242,"href":"https:\/\/tvc16.com\/portal\/wp-json\/wp\/v2\/posts\/2240\/revisions\/2242"}],"wp:featuredmedia":[{"embeddable":true,"href":"https:\/\/tvc16.com\/portal\/wp-json\/wp\/v2\/media\/2241"}],"wp:attachment":[{"href":"https:\/\/tvc16.com\/portal\/wp-json\/wp\/v2\/media?parent=2240"}],"wp:term":[{"taxonomy":"category","embeddable":true,"href":"https:\/\/tvc16.com\/portal\/wp-json\/wp\/v2\/categories?post=2240"},{"taxonomy":"post_tag","embeddable":true,"href":"https:\/\/tvc16.com\/portal\/wp-json\/wp\/v2\/tags?post=2240"}],"curies":[{"name":"wp","href":"https:\/\/api.w.org\/{rel}","templated":true}]}}