{"id":2243,"date":"2020-10-08T19:00:28","date_gmt":"2020-10-08T19:00:28","guid":{"rendered":"https:\/\/tvc16.com\/portal\/?p=2243"},"modified":"2020-10-08T20:16:32","modified_gmt":"2020-10-08T20:16:32","slug":"rn-casos-de-sifilis-estao-subnotificados-devido-a-baixa-testagem-no-periodo-da-pandemia-aponta-conass","status":"publish","type":"post","link":"https:\/\/tvc16.com\/portal\/2020\/10\/08\/rn-casos-de-sifilis-estao-subnotificados-devido-a-baixa-testagem-no-periodo-da-pandemia-aponta-conass\/","title":{"rendered":"RN: Casos de s\u00edfilis est\u00e3o subnotificados devido \u00e0 baixa testagem no per\u00edodo da pandemia, aponta CONASS"},"content":{"rendered":"\n<p>O Conselho Nacional de Secret\u00e1rios de Sa\u00fade (CONASS) alerta para a redu\u00e7\u00e3o da oferta de testes r\u00e1pidos e a subnotifica\u00e7\u00e3o de casos de s\u00edfilis no Rio Grande do Norte. Segundo o Conselho, a testagem r\u00e1pida teve redu\u00e7\u00e3o em todas as regi\u00f5es de sa\u00fade do estado.<br><br>De acordo com a respons\u00e1vel pelo Programa Estadual de IST, AIDS e Hepatites Virais, Juliana Soares, h\u00e1 casos de munic\u00edpios que n\u00e3o notificaram a doen\u00e7a durante os oito primeiros meses de 2020, mas a ocorr\u00eancia \u00e9 sabidamente conhecida e tem alta preval\u00eancia nos territ\u00f3rios.<\/p>\n\n\n\n<p><br>O governo do Rio Grande do Norte fez um levantamento dos casos confirmados de S\u00edfilis Adquirida, S\u00edfilis na Gesta\u00e7\u00e3o e S\u00edfilis Cong\u00eanita no RN e os dados preliminares registram que, de janeiro a abril de 2020, foram notificados 505 casos de s\u00edfilis adquirida, 589 casos de s\u00edfilis em gestantes e 307 rec\u00e9m-nascidos, que adquiriram a s\u00edfilis cong\u00eanita por meio da transmiss\u00e3o vertical (de m\u00e3e para o beb\u00ea).<br><br>Quando n\u00e3o tratada, a s\u00edfilis pode evoluir para formas mais graves, comprometendo especialmente os sistemas nervoso e cardiovascular. Na gesta\u00e7\u00e3o, a doen\u00e7a pode apresentar consequ\u00eancias severas como parto prematuro e o \u00f3bito do beb\u00ea.<\/p>\n\n\n\n<p>Fonte: <a href=\"https:\/\/brasil61.com\/noticias\/rn-casos-de-sifilis-estao-subnotificados-devido-a-baixa-testagem-no-periodo-da-pandemia-aponta-conass-bras202146\" target=\"_blank\" rel=\"noreferrer noopener\">Brasil 61<\/a><\/p>\n","protected":false},"excerpt":{"rendered":"<p>O Conselho Nacional de Secret\u00e1rios de Sa\u00fade (CONASS) alerta para a redu\u00e7\u00e3o da oferta de<\/p>\n","protected":false},"author":2,"featured_media":2264,"comment_status":"open","ping_status":"open","sticky":false,"template":"","format":"standard","meta":{"footnotes":""},"categories":[13],"tags":[],"class_list":["post-2243","post","type-post","status-publish","format-standard","has-post-thumbnail","hentry","category-saude"],"_links":{"self":[{"href":"https:\/\/tvc16.com\/portal\/wp-json\/wp\/v2\/posts\/2243","targetHints":{"allow":["GET"]}}],"collection":[{"href":"https:\/\/tvc16.com\/portal\/wp-json\/wp\/v2\/posts"}],"about":[{"href":"https:\/\/tvc16.com\/portal\/wp-json\/wp\/v2\/types\/post"}],"author":[{"embeddable":true,"href":"https:\/\/tvc16.com\/portal\/wp-json\/wp\/v2\/users\/2"}],"replies":[{"embeddable":true,"href":"https:\/\/tvc16.com\/portal\/wp-json\/wp\/v2\/comments?post=2243"}],"version-history":[{"count":1,"href":"https:\/\/tvc16.com\/portal\/wp-json\/wp\/v2\/posts\/2243\/revisions"}],"predecessor-version":[{"id":2245,"href":"https:\/\/tvc16.com\/portal\/wp-json\/wp\/v2\/posts\/2243\/revisions\/2245"}],"wp:featuredmedia":[{"embeddable":true,"href":"https:\/\/tvc16.com\/portal\/wp-json\/wp\/v2\/media\/2264"}],"wp:attachment":[{"href":"https:\/\/tvc16.com\/portal\/wp-json\/wp\/v2\/media?parent=2243"}],"wp:term":[{"taxonomy":"category","embeddable":true,"href":"https:\/\/tvc16.com\/portal\/wp-json\/wp\/v2\/categories?post=2243"},{"taxonomy":"post_tag","embeddable":true,"href":"https:\/\/tvc16.com\/portal\/wp-json\/wp\/v2\/tags?post=2243"}],"curies":[{"name":"wp","href":"https:\/\/api.w.org\/{rel}","templated":true}]}}