{"id":2247,"date":"2020-10-08T19:17:48","date_gmt":"2020-10-08T19:17:48","guid":{"rendered":"https:\/\/tvc16.com\/portal\/?p=2247"},"modified":"2020-10-08T19:17:48","modified_gmt":"2020-10-08T19:17:48","slug":"em-momento-delicado-no-brasileirao-vasco-demite-o-tecnico-ramon-menezes","status":"publish","type":"post","link":"https:\/\/tvc16.com\/portal\/2020\/10\/08\/em-momento-delicado-no-brasileirao-vasco-demite-o-tecnico-ramon-menezes\/","title":{"rendered":"Em momento delicado no Brasileir\u00e3o, Vasco demite o t\u00e9cnico Ramon Menezes"},"content":{"rendered":"\n<p>No come\u00e7o da tarde desta quinta-feira(08), o Vasco confirmou a demiss\u00e3o do t\u00e9cnico Ramon Menezes. Em nota, o clube afirmou que o treinador n\u00e3o seguiria no comando t\u00e9cnico da equipe e que j\u00e1 busca um novo nome para comandar o time nas pr\u00f3ximas rodadas do campeonato brasileiro. A demiss\u00e3o de Ramon acontece justamente em seu pior momento \u00e0 frente da equipe de S\u00e3o Janu\u00e1rio. O comandante chegou a liderar a competi\u00e7\u00e3o nacional nas primeiras rodadas. O que criou uma empolga\u00e7\u00e3o nos torcedores cruz-maltinos, que criaram um termo para se referir ao estilo de jogo do treinador: o \u201cramonismo\u201d.<\/p>\n\n\n\n<p>Por\u00e9m a elimina\u00e7\u00e3o na Copa do Brasil e a sequ\u00eancia ruim no brasileir\u00e3o, s\u00e3o quatro partidas sem vit\u00f3ria, seis contando as duas da Copa do Brasil, custaram o cargo ao comandante. Anunciado como substituto de Abel Braga no dia 30 de mar\u00e7o deste ano, Ramon Menezes deixa o Vasco depois de pouco mais de seis meses no comando e 16 partidas disputadas (2 pelo Carioca, 2 pela Copa do Brasil e 12 pelo Brasileir\u00e3o). Ao todo, foram oito vit\u00f3rias, tr\u00eas empates e cinco derrotas.<\/p>\n\n\n\n<p>Confira a nota do clube<\/p>\n\n\n\n<p><em>\u201cO Club de Regatas Vasco da Gama comunica que Ramon Menezes n\u00e3o \u00e9 mais o treinador da equipe profissional. O Clube agradece os servi\u00e7os prestados pelo profissional e, em breve, anunciar\u00e1 o seu substituto.\u201d<\/em><\/p>\n","protected":false},"excerpt":{"rendered":"<p>No come\u00e7o da tarde desta quinta-feira(08), o Vasco confirmou a demiss\u00e3o do t\u00e9cnico Ramon Menezes.<\/p>\n","protected":false},"author":1,"featured_media":2248,"comment_status":"open","ping_status":"open","sticky":false,"template":"","format":"standard","meta":{"footnotes":""},"categories":[20],"tags":[25,27],"class_list":["post-2247","post","type-post","status-publish","format-standard","has-post-thumbnail","hentry","category-esporte","tag-esporte","tag-vasco"],"_links":{"self":[{"href":"https:\/\/tvc16.com\/portal\/wp-json\/wp\/v2\/posts\/2247","targetHints":{"allow":["GET"]}}],"collection":[{"href":"https:\/\/tvc16.com\/portal\/wp-json\/wp\/v2\/posts"}],"about":[{"href":"https:\/\/tvc16.com\/portal\/wp-json\/wp\/v2\/types\/post"}],"author":[{"embeddable":true,"href":"https:\/\/tvc16.com\/portal\/wp-json\/wp\/v2\/users\/1"}],"replies":[{"embeddable":true,"href":"https:\/\/tvc16.com\/portal\/wp-json\/wp\/v2\/comments?post=2247"}],"version-history":[{"count":1,"href":"https:\/\/tvc16.com\/portal\/wp-json\/wp\/v2\/posts\/2247\/revisions"}],"predecessor-version":[{"id":2249,"href":"https:\/\/tvc16.com\/portal\/wp-json\/wp\/v2\/posts\/2247\/revisions\/2249"}],"wp:featuredmedia":[{"embeddable":true,"href":"https:\/\/tvc16.com\/portal\/wp-json\/wp\/v2\/media\/2248"}],"wp:attachment":[{"href":"https:\/\/tvc16.com\/portal\/wp-json\/wp\/v2\/media?parent=2247"}],"wp:term":[{"taxonomy":"category","embeddable":true,"href":"https:\/\/tvc16.com\/portal\/wp-json\/wp\/v2\/categories?post=2247"},{"taxonomy":"post_tag","embeddable":true,"href":"https:\/\/tvc16.com\/portal\/wp-json\/wp\/v2\/tags?post=2247"}],"curies":[{"name":"wp","href":"https:\/\/api.w.org\/{rel}","templated":true}]}}