{"id":2250,"date":"2020-10-08T19:44:49","date_gmt":"2020-10-08T19:44:49","guid":{"rendered":"https:\/\/tvc16.com\/portal\/?p=2250"},"modified":"2020-10-08T19:44:49","modified_gmt":"2020-10-08T19:44:49","slug":"governo-ja-renegociou-r-30-bilhoes-em-dividas-este-ano","status":"publish","type":"post","link":"https:\/\/tvc16.com\/portal\/2020\/10\/08\/governo-ja-renegociou-r-30-bilhoes-em-dividas-este-ano\/","title":{"rendered":"Governo j\u00e1 renegociou R$ 30 bilh\u00f5es em d\u00edvidas este ano"},"content":{"rendered":"\n<p>Negocia\u00e7\u00f5es se baseiam na Lei do Contribuinte Legal<\/p>\n\n\n\n<p>Por Andreia Verd\u00e9lio \u2013 Rep\u00f3rter da Ag\u00eancia Brasil &#8211; Bras\u00edlia<\/p>\n\n\n\n<p>At\u00e9 agosto, a Procuradoria-Geral da Fazenda Nacional (PGFN) j\u00e1 renegociou quase R$ 30 bilh\u00f5es em d\u00edvidas de empresas, nos termos da Lei do Contribuinte Legal (Lei 13.988\/2020), que entrou em vigor em novembro do ano passado, a partir da regulamenta\u00e7\u00e3o da Medida Provis\u00f3ria (MP) 899\/2020.<img decoding=\"async\" src=\"https:\/\/agenciabrasil.ebc.com.br\/ebc.png?id=1390148&amp;o=node\"><img decoding=\"async\" src=\"https:\/\/agenciabrasil.ebc.com.br\/ebc.gif?id=1390148&amp;o=node\"><\/p>\n\n\n\n<p>A informa\u00e7\u00e3o \u00e9 do procurador-geral da Fazenda Nacional, Ricardo Soriano, ao\u00a0participar hoje (8) de uma live, promovida pelo Minist\u00e9rio da Economia e o Servi\u00e7o Brasileiro de Apoio \u00e0s Micro e Pequenas Empresas (Sebrae), sobre as oportunidades de regulariza\u00e7\u00e3o de d\u00edvidas e os projetos de retomada fiscal e econ\u00f4mica do pa\u00eds.<\/p>\n\n\n\n<p>A lei regulamenta a transa\u00e7\u00e3o tribut\u00e1ria, prevista no Artigo 171 do C\u00f3digo Tribut\u00e1rio Nacional (Lei n\u00ba 5.172\/1966), para beneficiar diferentes perfis de devedores, como optantes pelo Simples Nacional e titulares de opera\u00e7\u00f5es de cr\u00e9ditos rurais e fundi\u00e1rios, al\u00e9m das pessoas f\u00edsicas e jur\u00eddicas em geral. O mecanismo, segundo Soriano, \u00e9 uma alternativa fiscalmente mais justa \u00e0 pr\u00e1tica de parcelamentos especiais, os chamados Refis, que acabam desestimulando o pagamento de obriga\u00e7\u00f5es tribut\u00e1rias em dia.<\/p>\n\n\n\n<p>\u201cA gente vem fazendo propaganda da lei porque ela efetivamente \u00e9 inovadora, porque traz condi\u00e7\u00f5es muito mais favor\u00e1veis ao contribuinte do que as condi\u00e7\u00f5es normais de negocia\u00e7\u00e3o de uma d\u00edvida. Ela facilitou a necessidade de di\u00e1logo do setor p\u00fablico com setor privado\u201d, disse Soriano. \u201cTemos o dever de cobrar e dar aplica\u00e7\u00e3o \u00e0 lei de tributos e impostos porque servem para estruturar a sociedade, mas essa cobran\u00e7a n\u00e3o pode levar ao sufocamento dessa mesma sociedade\u201d, completou.<\/p>\n\n\n\n<p>De acordo com ele, desde que foi iniciada a possibilidade da transa\u00e7\u00e3o tribut\u00e1ria, a PGFN fez quase 80 mil acordos, envolvendo cerca de 300 mil d\u00e9bitos inscritos em d\u00edvida ativa da Uni\u00e3o, levando \u00e0 negocia\u00e7\u00e3o de quase R$ 30 bilh\u00f5es. As condi\u00e7\u00f5es de renegocia\u00e7\u00e3o, como descontos e parcelamentos, variam conforme o volume de d\u00edvidas, em diferentes modalidades de transa\u00e7\u00e3o, para contribuintes e empresas de todos os portes.<\/p>\n\n\n\n<p>Atualmente o\u00a0\u00f3rg\u00e3o oferece seis modalidades\u00a0diferentes de acordos de transa\u00e7\u00e3o. Para conhec\u00ea-las e fazer simula\u00e7\u00f5es, basta acessar o\u00a0portal Regularize, da PGNF.<\/p>\n\n\n\n<p>Em junho deste ano, por exemplo, a PGFN criou a\u00a0modalidade Transa\u00e7\u00e3o Excepcional, para atender empresas afetadas pela pandemia da covid-19. Nesse caso, para d\u00edvidas at\u00e9 R$ 150 milh\u00f5es, a transa\u00e7\u00e3o amplia o prazo de pagamento das presta\u00e7\u00f5es, com entrada de 4% da d\u00edvida, que pode ser parcelada em at\u00e9 12 vezes.<\/p>\n","protected":false},"excerpt":{"rendered":"<p>Negocia\u00e7\u00f5es se baseiam na Lei do Contribuinte Legal Por Andreia Verd\u00e9lio \u2013 Rep\u00f3rter da Ag\u00eancia<\/p>\n","protected":false},"author":2,"featured_media":2251,"comment_status":"open","ping_status":"open","sticky":false,"template":"","format":"standard","meta":{"footnotes":""},"categories":[14],"tags":[23,28,30,29],"class_list":["post-2250","post","type-post","status-publish","format-standard","has-post-thumbnail","hentry","category-pais","tag-brasil","tag-dividas","tag-governo-federal","tag-pais"],"_links":{"self":[{"href":"https:\/\/tvc16.com\/portal\/wp-json\/wp\/v2\/posts\/2250","targetHints":{"allow":["GET"]}}],"collection":[{"href":"https:\/\/tvc16.com\/portal\/wp-json\/wp\/v2\/posts"}],"about":[{"href":"https:\/\/tvc16.com\/portal\/wp-json\/wp\/v2\/types\/post"}],"author":[{"embeddable":true,"href":"https:\/\/tvc16.com\/portal\/wp-json\/wp\/v2\/users\/2"}],"replies":[{"embeddable":true,"href":"https:\/\/tvc16.com\/portal\/wp-json\/wp\/v2\/comments?post=2250"}],"version-history":[{"count":1,"href":"https:\/\/tvc16.com\/portal\/wp-json\/wp\/v2\/posts\/2250\/revisions"}],"predecessor-version":[{"id":2252,"href":"https:\/\/tvc16.com\/portal\/wp-json\/wp\/v2\/posts\/2250\/revisions\/2252"}],"wp:featuredmedia":[{"embeddable":true,"href":"https:\/\/tvc16.com\/portal\/wp-json\/wp\/v2\/media\/2251"}],"wp:attachment":[{"href":"https:\/\/tvc16.com\/portal\/wp-json\/wp\/v2\/media?parent=2250"}],"wp:term":[{"taxonomy":"category","embeddable":true,"href":"https:\/\/tvc16.com\/portal\/wp-json\/wp\/v2\/categories?post=2250"},{"taxonomy":"post_tag","embeddable":true,"href":"https:\/\/tvc16.com\/portal\/wp-json\/wp\/v2\/tags?post=2250"}],"curies":[{"name":"wp","href":"https:\/\/api.w.org\/{rel}","templated":true}]}}