{"id":2258,"date":"2020-10-08T20:03:31","date_gmt":"2020-10-08T20:03:31","guid":{"rendered":"https:\/\/tvc16.com\/portal\/?p=2258"},"modified":"2020-10-08T20:03:31","modified_gmt":"2020-10-08T20:03:31","slug":"setembro-foi-o-mes-mais-quente-ja-registrado-diz-uniao-europeia","status":"publish","type":"post","link":"https:\/\/tvc16.com\/portal\/2020\/10\/08\/setembro-foi-o-mes-mais-quente-ja-registrado-diz-uniao-europeia\/","title":{"rendered":"Setembro foi o m\u00eas mais quente j\u00e1 registrado, diz Uni\u00e3o Europeia"},"content":{"rendered":"\n<p>Informa\u00e7\u00e3o \u00e9 do Servi\u00e7o Cop\u00e9rnico contra a Mudan\u00e7a Clim\u00e1tica<\/p>\n\n\n\n<p>Por Matthew Green &#8211; Rep\u00f3rter da Reuters &#8211; Londres<\/p>\n\n\n\n<p>O m\u00eas de\u00a0setembro deste ano foi o mais quente j\u00e1 registrado, exibindo temperaturas anormalmente altas no litoral da Sib\u00e9ria, no Oriente M\u00e9dio e em partes da Am\u00e9rica do Sul e da Austr\u00e1lia, disse o Servi\u00e7o Cop\u00e9rnico contra a Mudan\u00e7a Clim\u00e1tica da Uni\u00e3o Europeia (UE) nesta quarta-feira (7).<img decoding=\"async\" src=\"https:\/\/agenciabrasil.ebc.com.br\/ebc.png?id=1390000&amp;o=node\"><img decoding=\"async\" src=\"https:\/\/agenciabrasil.ebc.com.br\/ebc.gif?id=1390000&amp;o=node\"><\/p>\n\n\n\n<p>Ampliando uma tend\u00eancia de aquecimento de longo prazo, causada pelas emiss\u00f5es de gases do efeito estufa, as temperaturas altas deste ano desempenharam grande papel em desastres que v\u00e3o dos inc\u00eandios no estado norte-americano da Calif\u00f3rnia e no \u00c1rtico \u00e0s inunda\u00e7\u00f5es na \u00c1sia, disseram cientistas.<\/p>\n\n\n\n<p>Globalmente, setembro foi 0,05 grau Celsius mais quente do que o mesmo m\u00eas de 2019 e 0,08 grau Celsius mais quente do que em 2016, at\u00e9 ent\u00e3o o setembro mais quente e o segundo mais quente j\u00e1 notificado, como mostraram dados do Cop\u00e9rnico.<\/p>\n\n\n\n<p>Durante os \u00faltimos tr\u00eas meses de 2020, eventos clim\u00e1ticos como o fen\u00f4meno La Ni\u00f1a e os n\u00edveis baixos projetados para o gelo do Oceano \u00c1rtico no outono ajudar\u00e3o a determinar se o ano como um todo se tornar\u00e1 o mais quente j\u00e1 registrado, disse o servi\u00e7o Cop\u00e9rnico.<\/p>\n","protected":false},"excerpt":{"rendered":"<p>Informa\u00e7\u00e3o \u00e9 do Servi\u00e7o Cop\u00e9rnico contra a Mudan\u00e7a Clim\u00e1tica Por Matthew Green &#8211; Rep\u00f3rter da<\/p>\n","protected":false},"author":2,"featured_media":2259,"comment_status":"open","ping_status":"open","sticky":false,"template":"","format":"standard","meta":{"footnotes":""},"categories":[22],"tags":[35,36],"class_list":["post-2258","post","type-post","status-publish","format-standard","has-post-thumbnail","hentry","category-internacional","tag-calor","tag-europa"],"_links":{"self":[{"href":"https:\/\/tvc16.com\/portal\/wp-json\/wp\/v2\/posts\/2258","targetHints":{"allow":["GET"]}}],"collection":[{"href":"https:\/\/tvc16.com\/portal\/wp-json\/wp\/v2\/posts"}],"about":[{"href":"https:\/\/tvc16.com\/portal\/wp-json\/wp\/v2\/types\/post"}],"author":[{"embeddable":true,"href":"https:\/\/tvc16.com\/portal\/wp-json\/wp\/v2\/users\/2"}],"replies":[{"embeddable":true,"href":"https:\/\/tvc16.com\/portal\/wp-json\/wp\/v2\/comments?post=2258"}],"version-history":[{"count":1,"href":"https:\/\/tvc16.com\/portal\/wp-json\/wp\/v2\/posts\/2258\/revisions"}],"predecessor-version":[{"id":2260,"href":"https:\/\/tvc16.com\/portal\/wp-json\/wp\/v2\/posts\/2258\/revisions\/2260"}],"wp:featuredmedia":[{"embeddable":true,"href":"https:\/\/tvc16.com\/portal\/wp-json\/wp\/v2\/media\/2259"}],"wp:attachment":[{"href":"https:\/\/tvc16.com\/portal\/wp-json\/wp\/v2\/media?parent=2258"}],"wp:term":[{"taxonomy":"category","embeddable":true,"href":"https:\/\/tvc16.com\/portal\/wp-json\/wp\/v2\/categories?post=2258"},{"taxonomy":"post_tag","embeddable":true,"href":"https:\/\/tvc16.com\/portal\/wp-json\/wp\/v2\/tags?post=2258"}],"curies":[{"name":"wp","href":"https:\/\/api.w.org\/{rel}","templated":true}]}}