{"id":2265,"date":"2020-10-08T21:48:37","date_gmt":"2020-10-08T21:48:37","guid":{"rendered":"https:\/\/tvc16.com\/portal\/?p=2265"},"modified":"2020-10-08T21:48:37","modified_gmt":"2020-10-08T21:48:37","slug":"%f0%9d%97%a5%f0%9d%97%bc%f0%9d%98%81%f0%9d%97%b6%f0%9d%97%bb%f0%9d%97%ae-%f0%9d%97%98%f0%9d%98%80%f0%9d%98%81%f0%9d%97%ae%f0%9d%97%b0%f0%9d%97%b6%f0%9d%97%bc%f0%9d%97%bb%f0%9d%97%ae%f0%9d%97%ba","status":"publish","type":"post","link":"https:\/\/tvc16.com\/portal\/2020\/10\/08\/%f0%9d%97%a5%f0%9d%97%bc%f0%9d%98%81%f0%9d%97%b6%f0%9d%97%bb%f0%9d%97%ae-%f0%9d%97%98%f0%9d%98%80%f0%9d%98%81%f0%9d%97%ae%f0%9d%97%b0%f0%9d%97%b6%f0%9d%97%bc%f0%9d%97%bb%f0%9d%97%ae%f0%9d%97%ba\/","title":{"rendered":"\ud835\udde5\ud835\uddfc\ud835\ude01\ud835\uddf6\ud835\uddfb\ud835\uddee: \ud835\uddd8\ud835\ude00\ud835\ude01\ud835\uddee\ud835\uddf0\ud835\uddf6\ud835\uddfc\ud835\uddfb\ud835\uddee\ud835\uddfa\ud835\uddf2\ud835\uddfb\ud835\ude01\ud835\uddfc \ud835\uddf6\ud835\uddff\ud835\uddff\ud835\uddf2\ud835\uddf4\ud835\ude02\ud835\uddf9\ud835\uddee\ud835\uddff \ud835\uddf1\ud835\uddf6\ud835\uddf3\ud835\uddf6\ud835\uddf0\ud835\ude02\ud835\uddf9\ud835\ude01\ud835\uddee \ud835\uddee \ud835\uddfc\ud835\uddfd\ud835\uddf2\ud835\uddff\ud835\uddee\u00e7\u00e3\ud835\uddfc \ud835\uddf1\ud835\uddf2 \u00f4\ud835\uddfb\ud835\uddf6\ud835\uddef\ud835\ude02\ud835\ude00 \ud835\uddfb\ud835\uddfc \ud835\uddd5\ud835\uddee\ud835\ude01\ud835\uddee\ud835\uddf6\ud835\uddf9\ud835\uddf9\ud835\uddee\ud835\uddff\ud835\uddf1"},"content":{"rendered":"\n<p>O \u00f4nibus da Cidade Real, que faz a linha 134 \u2013 Bataillard, ficou impossibilitado de operar no bairro por alguns minutos, na manh\u00e3 desta quinta-feira (8), por conta de um ve\u00edculo particular que estava estacionado de forma irregular na Rua F, obstruindo a passagem de ve\u00edculos grandes.<\/p>\n\n\n\n<figure class=\"wp-block-image size-medium\"><img loading=\"lazy\" decoding=\"async\" width=\"225\" height=\"300\" src=\"https:\/\/tvc16.com\/portal\/wp-content\/uploads\/2020\/10\/121198914_382587863111811_8237158214593468487_o-225x300.png\" alt=\"\" class=\"wp-image-2266\" srcset=\"https:\/\/tvc16.com\/portal\/wp-content\/uploads\/2020\/10\/121198914_382587863111811_8237158214593468487_o-225x300.png 225w, https:\/\/tvc16.com\/portal\/wp-content\/uploads\/2020\/10\/121198914_382587863111811_8237158214593468487_o-768x1024.png 768w, https:\/\/tvc16.com\/portal\/wp-content\/uploads\/2020\/10\/121198914_382587863111811_8237158214593468487_o.png 780w\" sizes=\"auto, (max-width: 225px) 100vw, 225px\" \/><\/figure>\n\n\n\n<p>O problema na regi\u00e3o \u00e9 recorrente e provoca rotineiramente perdas de viagens e atrasos na regi\u00e3o. Somente este ano, sete of\u00edcios foram enviados ao \u00f3rg\u00e3o fiscalizador, apontando este tipo de problema na localidade.<\/p>\n","protected":false},"excerpt":{"rendered":"<p>O \u00f4nibus da Cidade Real, que faz a linha 134 \u2013 Bataillard, ficou impossibilitado de<\/p>\n","protected":false},"author":2,"featured_media":2267,"comment_status":"open","ping_status":"open","sticky":false,"template":"","format":"standard","meta":{"footnotes":""},"categories":[12],"tags":[],"class_list":["post-2265","post","type-post","status-publish","format-standard","has-post-thumbnail","hentry","category-cidade"],"_links":{"self":[{"href":"https:\/\/tvc16.com\/portal\/wp-json\/wp\/v2\/posts\/2265","targetHints":{"allow":["GET"]}}],"collection":[{"href":"https:\/\/tvc16.com\/portal\/wp-json\/wp\/v2\/posts"}],"about":[{"href":"https:\/\/tvc16.com\/portal\/wp-json\/wp\/v2\/types\/post"}],"author":[{"embeddable":true,"href":"https:\/\/tvc16.com\/portal\/wp-json\/wp\/v2\/users\/2"}],"replies":[{"embeddable":true,"href":"https:\/\/tvc16.com\/portal\/wp-json\/wp\/v2\/comments?post=2265"}],"version-history":[{"count":1,"href":"https:\/\/tvc16.com\/portal\/wp-json\/wp\/v2\/posts\/2265\/revisions"}],"predecessor-version":[{"id":2268,"href":"https:\/\/tvc16.com\/portal\/wp-json\/wp\/v2\/posts\/2265\/revisions\/2268"}],"wp:featuredmedia":[{"embeddable":true,"href":"https:\/\/tvc16.com\/portal\/wp-json\/wp\/v2\/media\/2267"}],"wp:attachment":[{"href":"https:\/\/tvc16.com\/portal\/wp-json\/wp\/v2\/media?parent=2265"}],"wp:term":[{"taxonomy":"category","embeddable":true,"href":"https:\/\/tvc16.com\/portal\/wp-json\/wp\/v2\/categories?post=2265"},{"taxonomy":"post_tag","embeddable":true,"href":"https:\/\/tvc16.com\/portal\/wp-json\/wp\/v2\/tags?post=2265"}],"curies":[{"name":"wp","href":"https:\/\/api.w.org\/{rel}","templated":true}]}}