{"id":2272,"date":"2020-10-08T22:01:34","date_gmt":"2020-10-08T22:01:34","guid":{"rendered":"https:\/\/tvc16.com\/portal\/?p=2272"},"modified":"2020-10-08T22:01:34","modified_gmt":"2020-10-08T22:01:34","slug":"lojas-de-petropolis-estao-autorizadas-a-funcionar-no-feriado","status":"publish","type":"post","link":"https:\/\/tvc16.com\/portal\/2020\/10\/08\/lojas-de-petropolis-estao-autorizadas-a-funcionar-no-feriado\/","title":{"rendered":"Lojas de Petr\u00f3polis est\u00e3o autorizadas a funcionar no feriado"},"content":{"rendered":"\n<p>As lojas est\u00e3o autorizadas a abrir no feriado do Dia das Crian\u00e7as, 12 de outubro, e por isso o com\u00e9rcio j\u00e1 se organiza para receber os consumidores neste fim de semana. Tudo indica que as compras devem aquecer a economia nos pr\u00f3ximos dias. Por isso os empres\u00e1rios alertam para que os clientes fiquem atentos as lojas que mais gostam para saber o hor\u00e1rio correto de funcionamento.<\/p>\n\n\n\n<p>\u201cToda data comemorativa \u00e9 um atrativo para vir \u00e0 Rua Teresa. Estamos animados para mais um fim de semana prolongado. Nossos visitantes ter\u00e3o a oportunidade de conhecer nossas marcas infantis e garantir um lindo presente para os pequenos\u201d, conta Denise Fiorini, presidente da Associa\u00e7\u00e3o da Rua Teresa (ARTE).<\/p>\n\n\n\n<figure class=\"wp-block-image size-large\"><img loading=\"lazy\" decoding=\"async\" width=\"346\" height=\"518\" src=\"https:\/\/tvc16.com\/portal\/wp-content\/uploads\/2020\/10\/Moda-infantil-na-Rua-Teresa-Loja-Sherloquinho-Modas-foto-de-Henry-Kappaun.jpg\" alt=\"\" class=\"wp-image-2273\" srcset=\"https:\/\/tvc16.com\/portal\/wp-content\/uploads\/2020\/10\/Moda-infantil-na-Rua-Teresa-Loja-Sherloquinho-Modas-foto-de-Henry-Kappaun.jpg 346w, https:\/\/tvc16.com\/portal\/wp-content\/uploads\/2020\/10\/Moda-infantil-na-Rua-Teresa-Loja-Sherloquinho-Modas-foto-de-Henry-Kappaun-200x300.jpg 200w\" sizes=\"auto, (max-width: 346px) 100vw, 346px\" \/><\/figure>\n\n\n\n<p>E as marcas se prepararam para a data. As cole\u00e7\u00f5es de ver\u00e3o trazem pe\u00e7as bem fresquinhas para a crian\u00e7ada aproveitar a esta\u00e7\u00e3o do calor para se divertir muito. <\/p>\n\n\n\n<p>\u201cTamb\u00e9m existe moda para a crian\u00e7ada. Para o ver\u00e3o, os conjuntos com bermudas e shorts, e os vestidos floridos, bem levinhos s\u00e3o uma boa aposta. Al\u00e9m disso, os pequenos n\u00e3o gostam de roupas que apertam e que n\u00e3o os deixam brincar \u00e0 vontade\u201d, salientou Telma dos Santos Coelho, empres\u00e1ria da Rua Teresa.<\/p>\n\n\n\n<p>Durante a pandemia o hor\u00e1rio de funcionamento da Rua Teresa mudou. Agora a visita\u00e7\u00e3o \u00e9 de segunda-feira, de 14h \u00e0s 17h30 e, de ter\u00e7a-feira \u00e0 s\u00e1bado, de 8h30 \u00e0s 17h30. <\/p>\n","protected":false},"excerpt":{"rendered":"<p>As lojas est\u00e3o autorizadas a abrir no feriado do Dia das Crian\u00e7as, 12 de outubro,<\/p>\n","protected":false},"author":2,"featured_media":2274,"comment_status":"open","ping_status":"open","sticky":false,"template":"","format":"standard","meta":{"footnotes":""},"categories":[12],"tags":[],"class_list":["post-2272","post","type-post","status-publish","format-standard","has-post-thumbnail","hentry","category-cidade"],"_links":{"self":[{"href":"https:\/\/tvc16.com\/portal\/wp-json\/wp\/v2\/posts\/2272","targetHints":{"allow":["GET"]}}],"collection":[{"href":"https:\/\/tvc16.com\/portal\/wp-json\/wp\/v2\/posts"}],"about":[{"href":"https:\/\/tvc16.com\/portal\/wp-json\/wp\/v2\/types\/post"}],"author":[{"embeddable":true,"href":"https:\/\/tvc16.com\/portal\/wp-json\/wp\/v2\/users\/2"}],"replies":[{"embeddable":true,"href":"https:\/\/tvc16.com\/portal\/wp-json\/wp\/v2\/comments?post=2272"}],"version-history":[{"count":1,"href":"https:\/\/tvc16.com\/portal\/wp-json\/wp\/v2\/posts\/2272\/revisions"}],"predecessor-version":[{"id":2275,"href":"https:\/\/tvc16.com\/portal\/wp-json\/wp\/v2\/posts\/2272\/revisions\/2275"}],"wp:featuredmedia":[{"embeddable":true,"href":"https:\/\/tvc16.com\/portal\/wp-json\/wp\/v2\/media\/2274"}],"wp:attachment":[{"href":"https:\/\/tvc16.com\/portal\/wp-json\/wp\/v2\/media?parent=2272"}],"wp:term":[{"taxonomy":"category","embeddable":true,"href":"https:\/\/tvc16.com\/portal\/wp-json\/wp\/v2\/categories?post=2272"},{"taxonomy":"post_tag","embeddable":true,"href":"https:\/\/tvc16.com\/portal\/wp-json\/wp\/v2\/tags?post=2272"}],"curies":[{"name":"wp","href":"https:\/\/api.w.org\/{rel}","templated":true}]}}