{"id":2279,"date":"2020-10-08T22:11:26","date_gmt":"2020-10-08T22:11:26","guid":{"rendered":"https:\/\/tvc16.com\/portal\/?p=2279"},"modified":"2020-10-08T22:14:24","modified_gmt":"2020-10-08T22:14:24","slug":"maus-duas-pessoas-morrem-em-petropolis-por-covid-19","status":"publish","type":"post","link":"https:\/\/tvc16.com\/portal\/2020\/10\/08\/maus-duas-pessoas-morrem-em-petropolis-por-covid-19\/","title":{"rendered":"Mais duas pessoas morrem em Petr\u00f3polis por Covid-19"},"content":{"rendered":"\n<p>A Prefeitura de Petr\u00f3polis divulgou no fim da tarde de quinta-feira (08) mais duas mortes de moradores de Petr\u00f3polis provocadas pelo novo coronav\u00edrus. As novas v\u00edtimas s\u00e3o um homem, de 69 anos, e uma mulher, de 58 anos. Com estes novos \u00f3bitos, a cidade chegou a 244 mortes desde o in\u00edcio da pandemia. Os dados s\u00e3o do \u00faltimo boletim epidemiol\u00f3gico divulgado pela Secretaria Municipal de Sa\u00fade. <\/p>\n\n\n\n<p>Tamb\u00e9m foram registrados 30 novos casos confirmados, subindo para 7.187 o n\u00famero de moradores que j\u00e1 tiveram contato com a doen\u00e7a. Destes, 5.310 pacientes s\u00e3o considerados recuperados. Esse n\u00famero se refere \u00e0s pessoas que estiveram internadas nas unidades hospitalares da cidade ou que se mantiveram em isolamento domiciliar e que, hoje, n\u00e3o apresentam mais os principais sintomas da doen\u00e7a.<\/p>\n\n\n\n<p>A primeira v\u00edtima fatal era um homem, de 69 anos, morador do Independ\u00eancia. Ele foi internado no dia 21 de setembro no Hospital Municipal Nelson de S\u00e1 Earp (HMNSE) e faleceu nesta quarta-feira (07). ele tinha hipertens\u00e3o arterial. <\/p>\n\n\n\n<p>O segundo \u00f3bito \u00e9 de uma mulher, de 58 anos, moradora da Estrada da Saudade. Ela foi internada no dia 29 de setembro no Hospital Cl\u00ednico de Corr\u00eaas (HCC) e faleceu tamb\u00e9m na quarta-feira. ela tinha c\u00e2ncer de mama.<\/p>\n\n\n\n<p>Segundo os dados da Sa\u00fade, at\u00e9 o momento foram realizados 65.446 testes na cidade. Desses, 57.480 resultaram negativos, 7.187 positivos e 779 est\u00e3o em an\u00e1lise, entre PCR e testes r\u00e1pidos. H\u00e1 47 pacientes internados na cidade, podendo ser casos positivos ou ainda em investiga\u00e7\u00e3o esperando o resultado do teste. <\/p>\n\n\n\n<p>Nesta quinta-feira (08), o munic\u00edpio contabiliza pelo SUS 24,07% dos leitos cl\u00ednicos e 19,19% de UTI ocupados com pacientes infectados com coronav\u00edrus.<\/p>\n","protected":false},"excerpt":{"rendered":"<p>A Prefeitura de Petr\u00f3polis divulgou no fim da tarde de quinta-feira (08) mais duas mortes<\/p>\n","protected":false},"author":2,"featured_media":2280,"comment_status":"open","ping_status":"open","sticky":false,"template":"","format":"standard","meta":{"footnotes":""},"categories":[12],"tags":[],"class_list":["post-2279","post","type-post","status-publish","format-standard","has-post-thumbnail","hentry","category-cidade"],"_links":{"self":[{"href":"https:\/\/tvc16.com\/portal\/wp-json\/wp\/v2\/posts\/2279","targetHints":{"allow":["GET"]}}],"collection":[{"href":"https:\/\/tvc16.com\/portal\/wp-json\/wp\/v2\/posts"}],"about":[{"href":"https:\/\/tvc16.com\/portal\/wp-json\/wp\/v2\/types\/post"}],"author":[{"embeddable":true,"href":"https:\/\/tvc16.com\/portal\/wp-json\/wp\/v2\/users\/2"}],"replies":[{"embeddable":true,"href":"https:\/\/tvc16.com\/portal\/wp-json\/wp\/v2\/comments?post=2279"}],"version-history":[{"count":2,"href":"https:\/\/tvc16.com\/portal\/wp-json\/wp\/v2\/posts\/2279\/revisions"}],"predecessor-version":[{"id":2282,"href":"https:\/\/tvc16.com\/portal\/wp-json\/wp\/v2\/posts\/2279\/revisions\/2282"}],"wp:featuredmedia":[{"embeddable":true,"href":"https:\/\/tvc16.com\/portal\/wp-json\/wp\/v2\/media\/2280"}],"wp:attachment":[{"href":"https:\/\/tvc16.com\/portal\/wp-json\/wp\/v2\/media?parent=2279"}],"wp:term":[{"taxonomy":"category","embeddable":true,"href":"https:\/\/tvc16.com\/portal\/wp-json\/wp\/v2\/categories?post=2279"},{"taxonomy":"post_tag","embeddable":true,"href":"https:\/\/tvc16.com\/portal\/wp-json\/wp\/v2\/tags?post=2279"}],"curies":[{"name":"wp","href":"https:\/\/api.w.org\/{rel}","templated":true}]}}