{"id":2283,"date":"2020-10-09T01:01:20","date_gmt":"2020-10-09T01:01:20","guid":{"rendered":"https:\/\/tvc16.com\/portal\/?p=2283"},"modified":"2020-10-09T01:01:20","modified_gmt":"2020-10-09T01:01:20","slug":"operacao-lei-seca-retorna-as-ruas-com-novos-procedimentos","status":"publish","type":"post","link":"https:\/\/tvc16.com\/portal\/2020\/10\/09\/operacao-lei-seca-retorna-as-ruas-com-novos-procedimentos\/","title":{"rendered":"Opera\u00e7\u00e3o Lei Seca retorna \u00e0s ruas com novos procedimentos"},"content":{"rendered":"\n<p><em>Um protocolo sanit\u00e1rio foi constru\u00eddo em parceria com a Secretaria Estadual de Sa\u00fade para adapta\u00e7\u00e3o da blitz no per\u00edodo de pandemia<\/em><\/p>\n\n\n\n<p>Lei Seca retoma nesta quinta-feira (08\/10) as opera\u00e7\u00f5es de fiscaliza\u00e7\u00e3o em todo o estado do Rio. As blitzes estavam suspensas desde 18 de mar\u00e7o devido \u00e0 pandemia da Covid 19. Neste per\u00edodo foi desenvolvido um protocolo sanit\u00e1rio em conjunto com a Secret\u00e1ria de Estado de Sa\u00fade, por meio da Superintend\u00eancia de Vigil\u00e2ncia Sanit\u00e1ria para um retorno seguro da Opera\u00e7\u00e3o.<\/p>\n\n\n\n<p>&#8211; O objetivo da Lei Seca \u00e9 salvar vidas. Por isso estamos tomando todos os cuidados e mudamos procedimentos para que a blitz seja segura tanto para o nosso agente quanto para a popula\u00e7\u00e3o. \u2013 disse o Subsecret\u00e1rio de A\u00e7\u00f5es Estrat\u00e9gicas da Casa Civil, Ant\u00f4nio Carlos dos Santos.<\/p>\n\n\n\n<figure class=\"wp-block-image size-large\"><img loading=\"lazy\" decoding=\"async\" width=\"1024\" height=\"687\" src=\"https:\/\/tvc16.com\/portal\/wp-content\/uploads\/2020\/10\/Operacao-Lei-Seca-retorna-as-ruas-4.jpeg\" alt=\"\" class=\"wp-image-2285\" srcset=\"https:\/\/tvc16.com\/portal\/wp-content\/uploads\/2020\/10\/Operacao-Lei-Seca-retorna-as-ruas-4.jpeg 1024w, https:\/\/tvc16.com\/portal\/wp-content\/uploads\/2020\/10\/Operacao-Lei-Seca-retorna-as-ruas-4-300x201.jpeg 300w, https:\/\/tvc16.com\/portal\/wp-content\/uploads\/2020\/10\/Operacao-Lei-Seca-retorna-as-ruas-4-768x515.jpeg 768w\" sizes=\"auto, (max-width: 1024px) 100vw, 1024px\" \/><\/figure>\n\n\n\n<p><strong>Como funcionar\u00e1 a nova blitz<\/strong><\/p>\n\n\n\n<p>Neste novo modelo da blitz ser\u00e1 feita uma triagem com o uso de equipamento passivo, ou seja, sem necessidade de sopro e sem contato com o motorista. Sendo detectada a presen\u00e7a de \u00e1lcool ser\u00e1 realizada uma segunda triagem, e caso o resultado d\u00ea positivo novamente ser\u00e1 realizado o tradicional teste do baf\u00f4metro com o bocal descart\u00e1vel e todos os procedimentos de higiene.<\/p>\n\n\n\n<p>Ap\u00f3s o uso dos aparelhos eles ser\u00e3o higienizados com hipoclorito de s\u00f3dio a 2,5% (\u00e1gua sanit\u00e1ria).<\/p>\n\n\n\n<p>Durante a abordagem o motorista e o policial ficar\u00e3o separados por uma barreira protetora de pl\u00e1stico transparente. Neste momento o motorista apresenta os documentos para que o agente do Detran fa\u00e7a imediatamente a verifica\u00e7\u00e3o.<\/p>\n\n\n\n<p>Em todas as blitzes ser\u00e3o disponibilizados totens de \u00e1lcool em gel com acionamento via pedal para os motoristas abordados e para os agentes que atuam na Opera\u00e7\u00e3o. Tamb\u00e9m ser\u00e3o oferecidas m\u00e1scaras descart\u00e1veis para os motoristas.<\/p>\n\n\n\n<p>A reorganiza\u00e7\u00e3o na estrutura da blitz da Lei Seca leva em considera\u00e7\u00e3o um maior distanciamento entre as pessoas. Todos os profissionais que atuar\u00e3o na Opera\u00e7\u00e3o v\u00e3o utilizar m\u00e1scaras e protetor facial (<em>face shield<\/em>).<\/p>\n\n\n\n<p>&#8211; A Opera\u00e7\u00e3o Lei Seca atua h\u00e1 11 anos preservando vidas e neste momento de pandemia n\u00e3o ser\u00e1 diferente. Com o retorno das atividades cotidianas e o aumento da mortalidade no tr\u00e2nsito, voltamos com as a\u00e7\u00f5es educativas e agora com as fiscaliza\u00e7\u00f5es, com os devidos cuidados para n\u00e3o expor ningu\u00e9m ao risco de contamina\u00e7\u00e3o -, explicou o Superintendente da Opera\u00e7\u00e3o Lei Seca, ten. Cel. Marcelo Rocha.<\/p>\n\n\n\n<p><strong>Registros de acidentes voltam a subir<\/strong><\/p>\n\n\n\n<p>Segundo levantamento do Detran\/RJ o n\u00famero de mortes provocadas por acidentes de tr\u00e2nsito durante a pandemia chegou a cair 26% no m\u00eas de abril, seguiu em queda nos meses de maio e junho, mas nos meses de julho e agosto as mortes voltaram a subir, ultrapassando os registros dos mesmos meses em 2019.<\/p>\n\n\n\n<p>Um levantamento da Secretaria de Estado de Sa\u00fade mostra que o n\u00famero de interna\u00e7\u00f5es causadas por acidentes com ciclistas, motociclistas, triciclos, autom\u00f3veis e ve\u00edculos pesados, voltou a aumentar no m\u00eas de junho deste ano, comparando com o mesmo per\u00edodo do ano passado (jun\/19- 563 e jun\/20 \u2013 581).<\/p>\n\n\n\n<p>&#8211; A integra\u00e7\u00e3o com a equipe da Lei Seca foi importante desde o in\u00edcio para poder programar, mesmo sem data inicial a \u00e9poca, um retorno consciente da Opera\u00e7\u00e3o. Avaliamos crit\u00e9rios de higieniza\u00e7\u00e3o para proteger tanto a equipe, quanto as pessoas que v\u00e3o ser fiscalizadas. O objetivo principal do retorno \u00e9 que junto com a flexibiliza\u00e7\u00e3o deve haver um controle dos acidentes de tr\u00e2nsito.-, afirmou a subsecret\u00e1ria em Vigil\u00e2ncia e Sa\u00fade, Claudia Mello.<\/p>\n\n\n\n<p><strong>Trabalho de conscientiza\u00e7\u00e3o n\u00e3o parou<\/strong><\/p>\n\n\n\n<p>Durante o per\u00edodo da quarentena, com as blitzes de fiscaliza\u00e7\u00e3o suspensas, os agentes realizaram a\u00e7\u00f5es educativas em diversos bairros da Regi\u00e3o Metropolitana do Rio e na Baixada Fluminense, a fim de orientar motoristas sobre as medidas de preven\u00e7\u00e3o contra o coronav\u00edrus. Foram distribu\u00eddas m\u00e1scaras descart\u00e1veis e foi refor\u00e7ada a mensagem para que as pessoas ficassem em casa e evitassem aglomera\u00e7\u00e3o. Foram realizadas 428 blitzes educativas.<\/p>\n\n\n\n<p>Uma outra parte do efetivo da Opera\u00e7\u00e3o Lei Seca foi deslocado para o mutir\u00e3o humanit\u00e1rio, no Riocentro, para auxiliar na log\u00edstica e distribui\u00e7\u00e3o de cestas b\u00e1sicas distribu\u00eddas pelo Governo do Estado, atrav\u00e9s do Rio Solid\u00e1rio.<\/p>\n\n\n\n<p>Os agentes de educa\u00e7\u00e3o, que s\u00e3o cadeirantes v\u00edtimas de acidentes de tr\u00e2nsito provocados pela mistura de \u00e1lcool e dire\u00e7\u00e3o, atuaram nas a\u00e7\u00f5es de conscientiza\u00e7\u00e3o da popula\u00e7\u00e3o refor\u00e7ando a mensagem \u201cNunca Dirija depois de beber\u201d.<\/p>\n\n\n\n<p><strong>Alguns pontos do protocolo sanit\u00e1rio:<\/strong><\/p>\n\n\n\n<p>\u00b7 Uso de m\u00e1scaras e protetor facial pelos profissionais que atuam nas blitzes.<\/p>\n\n\n\n<p>\u00b7 Distanciamento entre os agentes e os motoristas com uso de barreiras protetoras de pl\u00e1stico transparente.<\/p>\n\n\n\n<p>\u00b7 Limpeza dos equipamentos com hipoclorito de s\u00f3dio a 2,5% (\u00e1gua sanit\u00e1ria).<\/p>\n\n\n\n<p>\u00b7 Disponibiliza\u00e7\u00e3o de totem de \u00e1lcool em gel com acionamento via pedal.&nbsp;<\/p>\n\n\n\n<p>\u00b7 Distribui\u00e7\u00e3o de m\u00e1scaras descart\u00e1veis para os motoristas abordados que n\u00e3o estejam utilizando.<\/p>\n","protected":false},"excerpt":{"rendered":"<p>Um protocolo sanit\u00e1rio foi constru\u00eddo em parceria com a Secretaria Estadual de Sa\u00fade para adapta\u00e7\u00e3o<\/p>\n","protected":false},"author":2,"featured_media":2284,"comment_status":"open","ping_status":"open","sticky":false,"template":"","format":"standard","meta":{"footnotes":""},"categories":[13],"tags":[],"class_list":["post-2283","post","type-post","status-publish","format-standard","has-post-thumbnail","hentry","category-saude"],"_links":{"self":[{"href":"https:\/\/tvc16.com\/portal\/wp-json\/wp\/v2\/posts\/2283","targetHints":{"allow":["GET"]}}],"collection":[{"href":"https:\/\/tvc16.com\/portal\/wp-json\/wp\/v2\/posts"}],"about":[{"href":"https:\/\/tvc16.com\/portal\/wp-json\/wp\/v2\/types\/post"}],"author":[{"embeddable":true,"href":"https:\/\/tvc16.com\/portal\/wp-json\/wp\/v2\/users\/2"}],"replies":[{"embeddable":true,"href":"https:\/\/tvc16.com\/portal\/wp-json\/wp\/v2\/comments?post=2283"}],"version-history":[{"count":1,"href":"https:\/\/tvc16.com\/portal\/wp-json\/wp\/v2\/posts\/2283\/revisions"}],"predecessor-version":[{"id":2286,"href":"https:\/\/tvc16.com\/portal\/wp-json\/wp\/v2\/posts\/2283\/revisions\/2286"}],"wp:featuredmedia":[{"embeddable":true,"href":"https:\/\/tvc16.com\/portal\/wp-json\/wp\/v2\/media\/2284"}],"wp:attachment":[{"href":"https:\/\/tvc16.com\/portal\/wp-json\/wp\/v2\/media?parent=2283"}],"wp:term":[{"taxonomy":"category","embeddable":true,"href":"https:\/\/tvc16.com\/portal\/wp-json\/wp\/v2\/categories?post=2283"},{"taxonomy":"post_tag","embeddable":true,"href":"https:\/\/tvc16.com\/portal\/wp-json\/wp\/v2\/tags?post=2283"}],"curies":[{"name":"wp","href":"https:\/\/api.w.org\/{rel}","templated":true}]}}