{"id":2290,"date":"2020-10-09T15:00:06","date_gmt":"2020-10-09T15:00:06","guid":{"rendered":"https:\/\/tvc16.com\/portal\/?p=2290"},"modified":"2020-10-09T15:00:06","modified_gmt":"2020-10-09T15:00:06","slug":"cemaden-rj-alerta-para-chuva-moderada-a-forte-na-regiao-serrana","status":"publish","type":"post","link":"https:\/\/tvc16.com\/portal\/2020\/10\/09\/cemaden-rj-alerta-para-chuva-moderada-a-forte-na-regiao-serrana\/","title":{"rendered":"CEMADEN-RJ alerta para chuva moderada a forte na regi\u00e3o Serrana"},"content":{"rendered":"\n<p>O Centro Nacional de Monitoramento e Alertas de Desastres Naturais (CEMADEN) emitiu hoje (09) um alerta meteorol\u00f3gico, informando sobre n\u00facleos de chuva moderada a forte que atuam sobre o estado de S\u00e3o Paulo e se deslocam em dire\u00e7\u00e3o ao estado do Rio de Janeiro nas pr\u00f3ximas horas. H\u00e1 previs\u00e3o de chuva moderada, acompanhada de rajadas de vento moderado para as regi\u00f5es Serrana, Sul, Costa Verde, Baixada Fluminense, e Capital do estado do Rio de Janeiro.<\/p>\n","protected":false},"excerpt":{"rendered":"<p>O Centro Nacional de Monitoramento e Alertas de Desastres Naturais (CEMADEN) emitiu hoje (09) um<\/p>\n","protected":false},"author":2,"featured_media":2291,"comment_status":"open","ping_status":"open","sticky":false,"template":"","format":"standard","meta":{"footnotes":""},"categories":[12],"tags":[],"class_list":["post-2290","post","type-post","status-publish","format-standard","has-post-thumbnail","hentry","category-cidade"],"_links":{"self":[{"href":"https:\/\/tvc16.com\/portal\/wp-json\/wp\/v2\/posts\/2290","targetHints":{"allow":["GET"]}}],"collection":[{"href":"https:\/\/tvc16.com\/portal\/wp-json\/wp\/v2\/posts"}],"about":[{"href":"https:\/\/tvc16.com\/portal\/wp-json\/wp\/v2\/types\/post"}],"author":[{"embeddable":true,"href":"https:\/\/tvc16.com\/portal\/wp-json\/wp\/v2\/users\/2"}],"replies":[{"embeddable":true,"href":"https:\/\/tvc16.com\/portal\/wp-json\/wp\/v2\/comments?post=2290"}],"version-history":[{"count":1,"href":"https:\/\/tvc16.com\/portal\/wp-json\/wp\/v2\/posts\/2290\/revisions"}],"predecessor-version":[{"id":2292,"href":"https:\/\/tvc16.com\/portal\/wp-json\/wp\/v2\/posts\/2290\/revisions\/2292"}],"wp:featuredmedia":[{"embeddable":true,"href":"https:\/\/tvc16.com\/portal\/wp-json\/wp\/v2\/media\/2291"}],"wp:attachment":[{"href":"https:\/\/tvc16.com\/portal\/wp-json\/wp\/v2\/media?parent=2290"}],"wp:term":[{"taxonomy":"category","embeddable":true,"href":"https:\/\/tvc16.com\/portal\/wp-json\/wp\/v2\/categories?post=2290"},{"taxonomy":"post_tag","embeddable":true,"href":"https:\/\/tvc16.com\/portal\/wp-json\/wp\/v2\/tags?post=2290"}],"curies":[{"name":"wp","href":"https:\/\/api.w.org\/{rel}","templated":true}]}}