{"id":2298,"date":"2020-10-09T16:11:03","date_gmt":"2020-10-09T16:11:03","guid":{"rendered":"https:\/\/tvc16.com\/portal\/?p=2298"},"modified":"2020-10-09T16:11:03","modified_gmt":"2020-10-09T16:11:03","slug":"podcast-da-multirio-apresenta-importancia-de-instrumentos-musicais-para-a-musica-popular-brasileira","status":"publish","type":"post","link":"https:\/\/tvc16.com\/portal\/2020\/10\/09\/podcast-da-multirio-apresenta-importancia-de-instrumentos-musicais-para-a-musica-popular-brasileira\/","title":{"rendered":"Podcast da MultiRio apresenta import\u00e2ncia de instrumentos musicais para a M\u00fasica Popular Brasileira"},"content":{"rendered":"\n<p><em>S\u00e9rie \u2018Por Dentro do Som\u2019, que come\u00e7a explorando a riqueza do samba, ser\u00e1 lan\u00e7ada em live no YouTube nesta ter\u00e7a-feira (13\/10)<\/em><\/p>\n\n\n\n<p><br>A Prefeitura do Rio, por meio da MultiRio, lan\u00e7a um novo podcast para abordar a import\u00e2ncia dos instrumentos na \u00a0M\u00fasica Popular Brasileira. A s\u00e9rie \u201cPor Dentro do Som\u201d come\u00e7a com uma temporada dedicada ao samba, mas pretende explorar diversos g\u00eaneros. Para o lan\u00e7amento, a empresa municipal far\u00e1 uma live na pr\u00f3xima ter\u00e7a-feira (13), \u00e0s 15h, com a participa\u00e7\u00e3o de m\u00fasicos j\u00e1 entrevistados na programa\u00e7\u00e3o, que conta com nomes c\u00e9lebres como o do violonista Cl\u00e1udio Jorge, parceiro de Cartola e Jo\u00e3o Nogueira. Para acompanhar a transmiss\u00e3o pelo YouTube, basta acessar o link\u00a0<a rel=\"noreferrer noopener\" href=\"https:\/\/youtu.be\/FhVbRQCObb8\" target=\"_blank\">https:\/\/youtu.be\/FhVbRQCObb8<\/a>.<\/p>\n\n\n\n<figure class=\"wp-block-image size-large\"><img loading=\"lazy\" decoding=\"async\" width=\"758\" height=\"1024\" src=\"https:\/\/tvc16.com\/portal\/wp-content\/uploads\/2020\/10\/victor-neto_50437128013_o-758x1024.jpg\" alt=\"\" class=\"wp-image-2300\" srcset=\"https:\/\/tvc16.com\/portal\/wp-content\/uploads\/2020\/10\/victor-neto_50437128013_o-758x1024.jpg 758w, https:\/\/tvc16.com\/portal\/wp-content\/uploads\/2020\/10\/victor-neto_50437128013_o-222x300.jpg 222w, https:\/\/tvc16.com\/portal\/wp-content\/uploads\/2020\/10\/victor-neto_50437128013_o-768x1037.jpg 768w, https:\/\/tvc16.com\/portal\/wp-content\/uploads\/2020\/10\/victor-neto_50437128013_o.jpg 948w\" sizes=\"auto, (max-width: 758px) 100vw, 758px\" \/><\/figure>\n\n\n\n<p>O objetivo do podcast \u00e9 n\u00e3o s\u00f3 apresentar os instrumentos, mas tamb\u00e9m informar um pouco melhor sobre importantes profissionais da m\u00fasica. Cada convidado far\u00e1 um breve apanhado sobre sua carreira. Durante o bate-papo, que dura cerca de 30 minutos, cada m\u00fasico conta tamb\u00e9m como foi seu contato com a arte e seu instrumento. A conversa \u00e9 sempre conduzida pelo apresentador Ricardo Brito, da MultiRio.<\/p>\n\n\n\n<p>A cada ter\u00e7a-feira entrar\u00e1 um novo epis\u00f3dio, sempre disponibilizado nas principais plataformas de podcast, como Spotify e Deezer.&nbsp; Os dez instrumentos e convidados que participam da temporada do samba s\u00e3o os seguintes: viol\u00e3o (Cl\u00e1udio Jorge), piano (Paulinho Malaguti), bateria (Camilo Mariano), sopros (Victor Neto), baixo (Ivan Machado), cavaquinho (Alceu Maia), pandeiro (Clarice Magalh\u00e3es), viol\u00e3o 7 cordas (Paul\u00e3o 7 Cordas), repique (Darlan Nascimento) e voz (Ana Costa). Na primeira live ser\u00e3o apresentados os cinco primeiros epis\u00f3dios, que correspondem \u00e0 primeira parte da temporada.<\/p>\n\n\n\n<p>A inten\u00e7\u00e3o do \u201cPor Dentro do Som\u201d tamb\u00e9m \u00e9 comentar como os m\u00fasicos atuam e o caminho para a profissionaliza\u00e7\u00e3o.&nbsp; Cada participante faz uma palinha, dando uma demonstra\u00e7\u00e3o musical no fim de cada epis\u00f3dio, podendo o p\u00fablico aprender e tamb\u00e9m deleitar o som.<\/p>\n\n\n\n<p><strong>Veja a biografia dos cinco primeiros participantes:<\/strong><\/p>\n\n\n\n<p><strong>VIOL\u00c3O:<\/strong>&nbsp;&nbsp;O carioca Claudio Jorge j\u00e1 tem 35 anos de carreira e atuou em v\u00e1rios setores da atividade musical brasileira. Eminentemente ligado \u00e0 m\u00fasica popular brasileira, particularmente o samba, sua trajet\u00f3ria profissional teve in\u00edcio por volta dos 20 anos, quando foi atuar como violonista de compositores importantes da chamada \u201cVelha Guarda\u201d, tais como, Ismael Silva e Cartola, com quem comp\u00f4s em parceria a m\u00fasica \u201cFundo de Quintal\u201d. Mais Tarde, participou de shows e grava\u00e7\u00f5es ao lado de outros veteranos como Nelson Cavaquinho e Clementina de Jesus. Em 2019, Cl\u00e1udio Jorge gravou seu quinto disco autoral onde apresenta composi\u00e7\u00f5es em parceria com Nei Lopes, Paulo C\u00e9sar Pinheiro, Ivan Lins, Wilson Moreira, Wilson das Neves e Ivan Wrigg, tendo como convidados especiais Fatima Guedes, Ivan Lins, Mauro Diniz e Frejat.<\/p>\n\n\n\n<p><strong>PIANO:<\/strong>&nbsp;O carioca Paulinho Malaguti, tamb\u00e9m conhecido como Paulinho Pauleira, integra a s\u00e9rie tratando do piano, mas tem longa experi\u00eancia como cantor, compositor e arranjador. Foi um dos fundadores do grupo C\u00e9u da Boca e do grupo Arranco de Vars\u00f3via, que mant\u00e9m at\u00e9 hoje. Trabalhou com diversos artistas, como Edu Lobo, Wagner Tiso, C\u00e9sar Camargo Mariano, Sebasti\u00e3o Tapaj\u00f3s e Clara Sandroni. Ao lado de Miltinho, Aquiles e Dalmo, em 2013 passou a integrar a nova forma\u00e7\u00e3o do MPB4.<br><br><strong>BATERIA:&nbsp;<\/strong>O maranhense Camilo Mariano de Oliveira \u00e9 considerado na atualidade um dos maiores bateristas do Brasil. Ele teve o seu primeiro contato com os tambores na Escola T\u00e9cnica Federal do Maranh\u00e3o, onde cursou o ent\u00e3o Primeiro e Segundo Graus (o equivalente ao Ensino Fundamental e M\u00e9dio de hoje). Nesses 22 anos, desde que se radicou no Rio de Janeiro, j\u00e1 acompanhou e gravou com os principais artistas da m\u00fasica popular brasileira como Elba Ramalho, Alcione, Diogo Nogueira, Alexandre Pires, Grupo Ra\u00e7a, Grupo Revela\u00e7\u00e3o, Exaltasamba, Sorriso Maroto, Martinho da Vila, Tim Maia, &nbsp;Maria Rita, Simone e Beth Carvalho. Atualmente faz parte da banda Sorriso Maroto.<\/p>\n\n\n\n<p><strong>SOPROS:<\/strong>&nbsp;O mineiro Victor Neto come\u00e7ou a se interessar pela m\u00fasica na escola no Interior de S\u00e3o Paulo, onde viveu, mas desenvolveu sua paix\u00e3o maior quando se mudou par o Rio em 1967. O saxofonista e flautista iniciou sua carreira profissional em 1976, atuando com Johnny Alf, com quem se apresentou em turn\u00ea nos Estados Unidos. Na d\u00e9cada de 1980, apresentou-se, como solista no Hotel Nacional e come\u00e7ou a tocar obo\u00e9. Ao longo de sua carreira, atuou com diversos artistas como Gal Costa, Dorival Caymmi, Faf\u00e1 de Bel\u00e9m, Clara Nunes, Martinho da Vila, Mi\u00facha, Tom Jobim, Maria Beth\u00e2nia, Em\u00edlio Santiago e Martinho da Vila, entre outros, al\u00e9m de ter participado de grava\u00e7\u00f5es de discos e ter se apresentado em casas noturnas, bailes e televis\u00e3o. Integrou o grupo instrumental Cauim, com o qual lan\u00e7ou o disco &#8220;Quarteto de Saxofones&#8221;.<br><br><strong>BAIXO:<\/strong>&nbsp;O carioca Ivan Machado \u00e9 contrabaixista, arranjador e produtor musical. Iniciou sua carreira profissional em 1969 como integrante do conjunto de Raul Seixas. Trabalhou durante oito anos no Departamento Musical da Rede Globo e atualmente \u00e9 diretor musical e instrumentista da banda do cantor Martinho da Vila. Ao longo de sua carreira, atuou em shows e grava\u00e7\u00f5es com diversos artistas brasileiros, como Sivuca, Jackson do Pandeiro, Geraldo Azevedo, N\u00e9lson Cavaquinho, Joyce, F\u00e1tima Guedes, Fren\u00e9ticas, Moraes Moreira, Zeca Pagodinho, Beth Carvalho, Nana Caymmi, Aldir Blanc, Maur\u00edcio Tapaj\u00f3s e Dionne Warwick.<\/p>\n\n\n\n<p><strong>Veja o que os convidados falaram sobre a Educa\u00e7\u00e3o:<\/strong><\/p>\n\n\n\n<p><strong>Cl\u00e1udio Jorge<\/strong><br>&#8220;Como filho de jornalista, aprendi desde cedo a import\u00e2ncia dos estudos na vida de cada um. Ou seja, estudar \u00e9 a solu\u00e7\u00e3o de parte dos nossos problemas. Jovens, &nbsp;nunca desistam&#8221;.<\/p>\n\n\n\n<p><strong>Paulinho Malaguti<\/strong><br>&#8220;Educa\u00e7\u00e3o \u00e9 fundamental em nossas vidas. Apesar de nunca ter sido um aluno brilhante, &nbsp;nada me impediu de ir adiante. At\u00e9 hoje dedico uma hora de estudo ao piano&#8221;.<\/p>\n\n\n\n<p><strong>Camilo Mariano<\/strong><br>&#8220;L\u00e1 em casa, &nbsp;nossa primeira obriga\u00e7\u00e3o era com os estudos. Eu aliei a obriga\u00e7\u00e3o com o prazer de estudar; coisa que ainda me \u00e9 muito \u00fatil at\u00e9 hoje. Assim, garotada, \u00e9 colocar a m\u00e3o na massa&#8221;.<\/p>\n\n\n\n<p><strong>Victor Neto<\/strong><br>&#8220;Como professor, sei da necessidade que os estudos t\u00eam em nossas vidas: na educa\u00e7\u00e3o formal, no geral, e no ensino de m\u00fasica, no particular.&nbsp; Tudo ao seu tempo, &nbsp;hein?!&#8221;.<\/p>\n\n\n\n<p><strong>Ivan Machado<\/strong><br>&#8220;Como vivemos num pa\u00eds bastante desigual, a educa\u00e7\u00e3o do jovem \u00e9 essencial para um futuro melhor.&nbsp; Por isso, &nbsp;um conselho: estudar, estudar, &nbsp;estudar.&nbsp; Estamos combinando?&#8221;.<\/p>\n","protected":false},"excerpt":{"rendered":"<p>S\u00e9rie \u2018Por Dentro do Som\u2019, que come\u00e7a explorando a riqueza do samba, ser\u00e1 lan\u00e7ada em<\/p>\n","protected":false},"author":2,"featured_media":2299,"comment_status":"open","ping_status":"open","sticky":false,"template":"","format":"standard","meta":{"footnotes":""},"categories":[21],"tags":[],"class_list":["post-2298","post","type-post","status-publish","format-standard","has-post-thumbnail","hentry","category-cultura"],"_links":{"self":[{"href":"https:\/\/tvc16.com\/portal\/wp-json\/wp\/v2\/posts\/2298","targetHints":{"allow":["GET"]}}],"collection":[{"href":"https:\/\/tvc16.com\/portal\/wp-json\/wp\/v2\/posts"}],"about":[{"href":"https:\/\/tvc16.com\/portal\/wp-json\/wp\/v2\/types\/post"}],"author":[{"embeddable":true,"href":"https:\/\/tvc16.com\/portal\/wp-json\/wp\/v2\/users\/2"}],"replies":[{"embeddable":true,"href":"https:\/\/tvc16.com\/portal\/wp-json\/wp\/v2\/comments?post=2298"}],"version-history":[{"count":1,"href":"https:\/\/tvc16.com\/portal\/wp-json\/wp\/v2\/posts\/2298\/revisions"}],"predecessor-version":[{"id":2301,"href":"https:\/\/tvc16.com\/portal\/wp-json\/wp\/v2\/posts\/2298\/revisions\/2301"}],"wp:featuredmedia":[{"embeddable":true,"href":"https:\/\/tvc16.com\/portal\/wp-json\/wp\/v2\/media\/2299"}],"wp:attachment":[{"href":"https:\/\/tvc16.com\/portal\/wp-json\/wp\/v2\/media?parent=2298"}],"wp:term":[{"taxonomy":"category","embeddable":true,"href":"https:\/\/tvc16.com\/portal\/wp-json\/wp\/v2\/categories?post=2298"},{"taxonomy":"post_tag","embeddable":true,"href":"https:\/\/tvc16.com\/portal\/wp-json\/wp\/v2\/tags?post=2298"}],"curies":[{"name":"wp","href":"https:\/\/api.w.org\/{rel}","templated":true}]}}