{"id":2308,"date":"2020-10-09T16:43:42","date_gmt":"2020-10-09T16:43:42","guid":{"rendered":"https:\/\/tvc16.com\/portal\/?p=2308"},"modified":"2020-10-09T16:43:42","modified_gmt":"2020-10-09T16:43:42","slug":"lgbti-representam-apenas-01-do-total-de-candidatos-aos-cargos-de-prefeito-e-vereador","status":"publish","type":"post","link":"https:\/\/tvc16.com\/portal\/2020\/10\/09\/lgbti-representam-apenas-01-do-total-de-candidatos-aos-cargos-de-prefeito-e-vereador\/","title":{"rendered":"LGBTI+ representam apenas 0,1% do total de candidatos aos cargos de prefeito e vereador"},"content":{"rendered":"\n<p>O Tribunal Superior Eleitoral (TSE) encerrou no final de setembro o prazo para pedidos de registro de candidatura para as elei\u00e7\u00f5es municipais de 2020, previstas para 15 e 29 de novembro deste ano. Ao todo, 532.871 pessoas se candidataram aos cargos de prefeito\/a e vereador\/a nos mais de cinco mil munic\u00edpios brasileiros. Desse total, apenas 585, ou 0,1% do total, s\u00e3o candidatos\/as da comunidade LGBTI+.&nbsp;<br><br>O levantamento \u00e9 do Programa Voto com Orgulho, da Alian\u00e7a Nacional LGBTI+, uma organiza\u00e7\u00e3o da sociedade civil, pluripartid\u00e1ria e sem fins lucrativos. Do total de pessoas candidatas da comunidade aos cargos p\u00fablicos neste ano, 46,8% (274) de gays; 12,6% (74) s\u00e3o l\u00e9sbicas; 11,6% (69) s\u00e3o mulheres trans; 4,8% (28) s\u00e3o bissexuais masculinos; e o restante das demais identidades de g\u00eanero e orienta\u00e7\u00f5es sexuais. Para o posto de vereador\/a, s\u00e3o 569 concorrentes e para prefeito\/a, 15.<br><br>Para o coordenador do Programa Voto com Orgulho e diretor de Pol\u00edticas P\u00fablicas da Alian\u00e7a Nacional LGBTI+, Cl\u00e1udio Nascimento, o grande desafio \u00e9 transformar as candidaturas da comunidade em resultado positivo no pleito deste ano. \u201cO resultado \u00e9 o desafio para garantir que consigamos, al\u00e9m da representatividade no processo eleitoral, obter representatividade no n\u00famero de pessoas eleitas. Isso encontramos um pouco mais de dificuldade porque tem a ver com a quest\u00e3o de estrutura e recursos nos pr\u00f3prios partidos. Mesmo os mais progressistas, que em geral tem uma postura mais aberta para debate para diversidade LGBT, voc\u00ea encontra dificuldade para financiamento e apoio a essas candidaturas\u201d, diz.&nbsp;<\/p>\n\n\n\n<p>Fonte: <a href=\"https:\/\/brasil61.com\/noticias\/lgbti-representam-apenas-0-1-do-total-de-candidatos-aos-cargos-de-prefeito-e-vereador-bras202140\" target=\"_blank\" rel=\"noreferrer noopener\">Brasil 61<\/a><\/p>\n","protected":false},"excerpt":{"rendered":"<p>O Tribunal Superior Eleitoral (TSE) encerrou no final de setembro o prazo para pedidos de<\/p>\n","protected":false},"author":2,"featured_media":2309,"comment_status":"open","ping_status":"open","sticky":false,"template":"","format":"standard","meta":{"footnotes":""},"categories":[15],"tags":[],"class_list":["post-2308","post","type-post","status-publish","format-standard","has-post-thumbnail","hentry","category-politica"],"_links":{"self":[{"href":"https:\/\/tvc16.com\/portal\/wp-json\/wp\/v2\/posts\/2308","targetHints":{"allow":["GET"]}}],"collection":[{"href":"https:\/\/tvc16.com\/portal\/wp-json\/wp\/v2\/posts"}],"about":[{"href":"https:\/\/tvc16.com\/portal\/wp-json\/wp\/v2\/types\/post"}],"author":[{"embeddable":true,"href":"https:\/\/tvc16.com\/portal\/wp-json\/wp\/v2\/users\/2"}],"replies":[{"embeddable":true,"href":"https:\/\/tvc16.com\/portal\/wp-json\/wp\/v2\/comments?post=2308"}],"version-history":[{"count":1,"href":"https:\/\/tvc16.com\/portal\/wp-json\/wp\/v2\/posts\/2308\/revisions"}],"predecessor-version":[{"id":2310,"href":"https:\/\/tvc16.com\/portal\/wp-json\/wp\/v2\/posts\/2308\/revisions\/2310"}],"wp:featuredmedia":[{"embeddable":true,"href":"https:\/\/tvc16.com\/portal\/wp-json\/wp\/v2\/media\/2309"}],"wp:attachment":[{"href":"https:\/\/tvc16.com\/portal\/wp-json\/wp\/v2\/media?parent=2308"}],"wp:term":[{"taxonomy":"category","embeddable":true,"href":"https:\/\/tvc16.com\/portal\/wp-json\/wp\/v2\/categories?post=2308"},{"taxonomy":"post_tag","embeddable":true,"href":"https:\/\/tvc16.com\/portal\/wp-json\/wp\/v2\/tags?post=2308"}],"curies":[{"name":"wp","href":"https:\/\/api.w.org\/{rel}","templated":true}]}}