{"id":2314,"date":"2020-10-09T17:10:13","date_gmt":"2020-10-09T17:10:13","guid":{"rendered":"https:\/\/tvc16.com\/portal\/?p=2314"},"modified":"2020-10-09T17:10:13","modified_gmt":"2020-10-09T17:10:13","slug":"governo-lanca-plano-com-110-acoes-para-a-ilha-de-marajo","status":"publish","type":"post","link":"https:\/\/tvc16.com\/portal\/2020\/10\/09\/governo-lanca-plano-com-110-acoes-para-a-ilha-de-marajo\/","title":{"rendered":"Governo lan\u00e7a plano com 110 a\u00e7\u00f5es para a Ilha de Maraj\u00f3"},"content":{"rendered":"\n<p>At\u00e9 2023 devem ser investidos R$ 4 bilh\u00f5es na regi\u00e3o<\/p>\n\n\n\n<h4 class=\"wp-block-heading\">Por Andreia Verd\u00e9lio \u2013 Rep\u00f3rter da Ag\u00eancia Brasil &#8211; Bras\u00edlia<\/h4>\n\n\n\n<p>O governo federal lan\u00e7ou hoje (9) o plano de a\u00e7\u00e3o do programa Abrace o Maraj\u00f3, com 110 a\u00e7\u00f5es previstas at\u00e9 2023. O documento abrange a\u00e7\u00f5es de 16 minist\u00e9rios, em iniciativas voltadas \u00e0 gera\u00e7\u00e3o de empregos e melhoria da dignidade, da educa\u00e7\u00e3o e da sa\u00fade da popula\u00e7\u00e3o da Ilha de&nbsp;Maraj\u00f3, no Par\u00e1.<img decoding=\"async\" src=\"https:\/\/agenciabrasil.ebc.com.br\/ebc.png?id=1390230&amp;o=node\"><img decoding=\"async\" src=\"https:\/\/agenciabrasil.ebc.com.br\/ebc.gif?id=1390230&amp;o=node\"><\/p>\n\n\n\n<p>A primeira fase do projeto, coordenado pelo Minist\u00e9rio da Mulher, da Fam\u00edlia e dos Direitos Humanos, est\u00e1 or\u00e7ada em R$ 1 bilh\u00e3o e, at\u00e9 2023 devem ser investidos R$ 4 bilh\u00f5es na regi\u00e3o. A cerim\u00f4nia de lan\u00e7amento aconteceu em Breves, munic\u00edpio localizado na ilha, e contou com a presen\u00e7a do presidente Jair Bolsonaro e da primeira-dama Michelle Bolsonaro, de ministros de estado e autoridades locais.<\/p>\n\n\n\n<p>\u201cO que n\u00f3s fazemos n\u00e3o \u00e9 virtude, \u00e9 obriga\u00e7\u00e3o, n\u00f3s devemos atend\u00ea-los nos momentos mais dif\u00edceis\u201d, disse Bolsonaro. O programa foi criado em mar\u00e7o deste ano para buscar o desenvolvimento socioecon\u00f4mico dos 16 munic\u00edpios que comp\u00f5em a Ilha de&nbsp;Maraj\u00f3 e algumas a\u00e7\u00f5es j\u00e1 est\u00e3o em andamento.<\/p>\n\n\n\n<p>Uma das medidas anunciadas hoje \u00e9 a parceria entre o Minist\u00e9rio da Mulher e a Caixa Econ\u00f4mica Federal para que equipe da Ouvidoria Nacional dos Direitos Humanos ocupe um espa\u00e7o nas ag\u00eancias-barco da Caixa visando levar \u00e0 popula\u00e7\u00e3o ribeirinha os servi\u00e7os do Disque 100 e Ligue 180, canais de den\u00fancias de viola\u00e7\u00f5es de direitos humanos e de viol\u00eancia contra a mulher. O acordo de coopera\u00e7\u00e3o tem dura\u00e7\u00e3o de 24 meses e pode ser prorrogado.<\/p>\n\n\n\n<h2 class=\"wp-block-heading\">Atendimento banc\u00e1rio<\/h2>\n\n\n\n<p>As ag\u00eancias-barco preenchem a necessidade de atendimento banc\u00e1rio de popula\u00e7\u00f5es que vivem na regi\u00e3o amaz\u00f4nica. Al\u00e9m da Ag\u00eancia-Barco Ilha do Maraj\u00f3, que navega por diversos munic\u00edpios do Par\u00e1, a Caixa possui a Ag\u00eancia-Barco Chico Mendes, que percorre cidades do Amazonas.<\/p>\n\n\n\n<p>Os barcos fazem uma viagem por m\u00eas, partindo de seus locais de origem, e ficam, em m\u00e9dia, dois dias em cada localidade. Possuem os mesmos servi\u00e7os de uma ag\u00eancia convencional em terra, al\u00e9m do mesmo hor\u00e1rio de funcionamento. Iniciativa semelhante tamb\u00e9m \u00e9 desenvolvida pelo Instituto Nacional do Seguro Social (INSS), que tamb\u00e9m oferece servi\u00e7os previdenci\u00e1rios em barcos na regi\u00e3o.<\/p>\n\n\n\n<p>Agora, essas comunidades poder\u00e3o ser acolhidas pelos servidores do minist\u00e9rio. Segundo a ministra da Mulher, da Fam\u00edlia e dos Direitos Humanos, Damares Alves, um dos objetivos da a\u00e7\u00e3o \u00e9 proteger mulheres e crian\u00e7as contra a viol\u00eancia dom\u00e9stica e a explora\u00e7\u00e3o sexual infantil.<\/p>\n\n\n\n<p>Al\u00e9m disso, o minist\u00e9rio far\u00e1 a doa\u00e7\u00e3o de cestas de alimentos e de itens de higiene por meio da Opera\u00e7\u00e3o P\u00e3o da Vida, que promove a seguran\u00e7a alimentar e apoio institucional \u00e0 popula\u00e7\u00e3o marajoara durante a pandemia. A meta \u00e9 entregar 96 mil cestas em todas as localidades do arquip\u00e9lago. Cerca de 28,5 mil j\u00e1 foram entregues e mais de 200 mil itens de higiene foram doados.<\/p>\n\n\n\n<h2 class=\"wp-block-heading\">Outras a\u00e7\u00f5es<\/h2>\n\n\n\n<p>O Plano de A\u00e7\u00e3o 2020-2023 para o Abrace o Maraj\u00f3 prev\u00ea ainda a implanta\u00e7\u00e3o de rede de comunica\u00e7\u00e3o para levar banda larga e conectividade 4G e 5G a todo o arquip\u00e9lago. A iniciativa ser\u00e1 concretizada por meio de uma parceria do Minist\u00e9rio das Comunica\u00e7\u00f5es e do governo do Par\u00e1.<\/p>\n\n\n\n<p>Por meio do programa Mais Luz para a Amaz\u00f4nia, o Minist\u00e9rio de Minas e Energia tamb\u00e9m vai disponibilizar o servi\u00e7o p\u00fablico de energia el\u00e9trica nas comunidades isoladas do Maraj\u00f3 por meio da instala\u00e7\u00e3o de sistemas fotovoltaicos de capta\u00e7\u00e3o de energia solar. A medida deve beneficiar 42 mil pessoas.<\/p>\n\n\n\n<p>Em parceria com o Banco Nacional de Desenvolvimento Econ\u00f4mico e Social (BNDES), o Abrace o Maraj\u00f3 prev\u00ea a moderniza\u00e7\u00e3o das 16 prefeituras do arquip\u00e9lago. O objetivo \u00e9 aprimorar os meios de atendimento ao cidad\u00e3o, \u00e0s empresas e das obriga\u00e7\u00f5es n\u00e3o financeiras junto aos governos federal e estadual. A previs\u00e3o \u00e9 que a iniciativa seja entregue em 2022.<\/p>\n\n\n\n<p>O Maraj\u00f3 \u00e9 o maior arquip\u00e9lago fluvio-mar\u00edtimo do planeta, formado por 2,5 mil ilhas e ilhotas. L\u00e1 se concentram o maior rebanho de b\u00fafalos do pa\u00eds e a maior produ\u00e7\u00e3o de a\u00e7a\u00ed do mundo. Apesar disso, oito dos seus munic\u00edpios est\u00e3o na lista daqueles com pior \u00cdndice de Desenvolvimento Humano (IDH) do Brasil.<\/p>\n\n\n\n<p>Edi\u00e7\u00e3o: Kleber Sampaio<\/p>\n","protected":false},"excerpt":{"rendered":"<p>At\u00e9 2023 devem ser investidos R$ 4 bilh\u00f5es na regi\u00e3o Por Andreia Verd\u00e9lio \u2013 Rep\u00f3rter<\/p>\n","protected":false},"author":2,"featured_media":2315,"comment_status":"open","ping_status":"open","sticky":false,"template":"","format":"standard","meta":{"footnotes":""},"categories":[14],"tags":[],"class_list":["post-2314","post","type-post","status-publish","format-standard","has-post-thumbnail","hentry","category-pais"],"_links":{"self":[{"href":"https:\/\/tvc16.com\/portal\/wp-json\/wp\/v2\/posts\/2314","targetHints":{"allow":["GET"]}}],"collection":[{"href":"https:\/\/tvc16.com\/portal\/wp-json\/wp\/v2\/posts"}],"about":[{"href":"https:\/\/tvc16.com\/portal\/wp-json\/wp\/v2\/types\/post"}],"author":[{"embeddable":true,"href":"https:\/\/tvc16.com\/portal\/wp-json\/wp\/v2\/users\/2"}],"replies":[{"embeddable":true,"href":"https:\/\/tvc16.com\/portal\/wp-json\/wp\/v2\/comments?post=2314"}],"version-history":[{"count":1,"href":"https:\/\/tvc16.com\/portal\/wp-json\/wp\/v2\/posts\/2314\/revisions"}],"predecessor-version":[{"id":2316,"href":"https:\/\/tvc16.com\/portal\/wp-json\/wp\/v2\/posts\/2314\/revisions\/2316"}],"wp:featuredmedia":[{"embeddable":true,"href":"https:\/\/tvc16.com\/portal\/wp-json\/wp\/v2\/media\/2315"}],"wp:attachment":[{"href":"https:\/\/tvc16.com\/portal\/wp-json\/wp\/v2\/media?parent=2314"}],"wp:term":[{"taxonomy":"category","embeddable":true,"href":"https:\/\/tvc16.com\/portal\/wp-json\/wp\/v2\/categories?post=2314"},{"taxonomy":"post_tag","embeddable":true,"href":"https:\/\/tvc16.com\/portal\/wp-json\/wp\/v2\/tags?post=2314"}],"curies":[{"name":"wp","href":"https:\/\/api.w.org\/{rel}","templated":true}]}}