{"id":2317,"date":"2020-10-09T17:11:26","date_gmt":"2020-10-09T17:11:26","guid":{"rendered":"https:\/\/tvc16.com\/portal\/?p=2317"},"modified":"2020-10-09T17:11:26","modified_gmt":"2020-10-09T17:11:26","slug":"aeroportos-rodoviaria-e-hoteis-preveem-mais-movimentacao-no-feriado","status":"publish","type":"post","link":"https:\/\/tvc16.com\/portal\/2020\/10\/09\/aeroportos-rodoviaria-e-hoteis-preveem-mais-movimentacao-no-feriado\/","title":{"rendered":"Aeroportos, rodovi\u00e1ria e hot\u00e9is preveem mais movimenta\u00e7\u00e3o no feriado"},"content":{"rendered":"\n<p>No per\u00edodo que vai de 9 a 13 deste m\u00eas, o RIOgale\u00e3o ter\u00e1 349 voos<\/p>\n\n\n\n<h4 class=\"wp-block-heading\">Por Alana Gandra &#8211; Rep\u00f3rter da Ag\u00eancia Brasil &#8211; Rio de Janeiro<\/h4>\n\n\n\n<p>Durante o feriado da padroeira do Brasil, celebrado no pr\u00f3ximo dia 12, quando se comemora tamb\u00e9m o dia das crian\u00e7as, o Aeroporto Internacional Tom Jobim\/RIOgale\u00e3o estima movimenta\u00e7\u00e3o de 49 mil passageiros, aumento de 27% em compara\u00e7\u00e3o ao \u00faltimo feriado prolongado, que foi o 7 de Setembro. No per\u00edodo que vai de 9 a 13 deste m\u00eas, o terminal aeroportu\u00e1rio ter\u00e1 349 voos, crescimento de 33% em rela\u00e7\u00e3o ao feriado anterior. Os destinos mais procurados pelos viajantes s\u00e3o S\u00e3o Paulo, Fortaleza e Recife, informou a concession\u00e1ria RIOgale\u00e3o.<img decoding=\"async\" src=\"https:\/\/agenciabrasil.ebc.com.br\/ebc.png?id=1390228&amp;o=node\"><img decoding=\"async\" src=\"https:\/\/agenciabrasil.ebc.com.br\/ebc.gif?id=1390228&amp;o=node\"><\/p>\n\n\n\n<p>A movimenta\u00e7\u00e3o total estimada pela RIOgale\u00e3o para o m\u00eas de outubro alcan\u00e7a 317 mil passageiros, expans\u00e3o de 42% em compara\u00e7\u00e3o ao n\u00famero registrado em setembro, quando o Aeroporto Internacional Tom Jobim recebeu 222 mil passageiros. Da mesma forma, o n\u00famero de voos dever\u00e1 ganhar aumento de 46%, passando de 1.500 para 2.200 pousos e decolagens. Apesar desse incremento, a concession\u00e1ria avaliou que a movimenta\u00e7\u00e3o ainda est\u00e1 distante do cen\u00e1rio pr\u00e9-pandemia do novo coronav\u00edrus. Em outubro do ano passado, o Aeroporto Internacional do Rio teve movimenta\u00e7\u00e3o de 1.129.000 passageiros e 7.200 voos.<\/p>\n\n\n\n<h2 class=\"wp-block-heading\">Santos Dumont<\/h2>\n\n\n\n<p>O Aeroporto Santos Dumont, situado no centro do Rio de Janeiro, espera receber, entre os dias 9 e 13 de outubro, cerca de 75 mil passageiros, entre embarques e desembarques. Ser\u00e3o, no per\u00edodo, 633 voos, entre pousos e decolagens. No feriado de Nossa Senhora Aparecida do ano passado, o terminal fluminense contabilizou, entre os dias 11 e 15 de outubro, fluxo de 140.694 passageiros e 1.238 opera\u00e7\u00f5es.<\/p>\n\n\n\n<p>Uma s\u00e9rie de a\u00e7\u00f5es foi adotada pela Infraero para atender o fluxo de passageiros e manter o conforto e a seguran\u00e7a dos usu\u00e1rios no Santos Dumont, de modo a garantir a fluidez nas opera\u00e7\u00f5es e no funcionamento de toda infraestrutura aeroportu\u00e1ria durante o feriad\u00e3o. Para prestar esclarecimentos aos usu\u00e1rios, estar\u00e3o de prontid\u00e3o os \u201camarelinhos\u201d, funcion\u00e1rios de colete amarelo com a frase \u201cPosso Ajudar?<em>&nbsp;May I Help You?<\/em>\u201d.<\/p>\n\n\n\n<h2 class=\"wp-block-heading\">Rodovi\u00e1ria<\/h2>\n\n\n\n<p>Cerca de 112.450 passageiros dever\u00e3o circular pela Rodovi\u00e1ria do Rio, a partir de hoje (9), entre embarques e desembarques, durante o feriad\u00e3o dos dias da Crian\u00e7a e da Padroeira do Brasil, Nossa Senhora Aparecida. Os dois eventos ser\u00e3o celebrados no pr\u00f3ximo dia 12.<\/p>\n\n\n\n<p>O maior n\u00famero de partidas \u00e9 esperado nesta sexta-feira (9), alcan\u00e7ando 16.900 pessoas, da mesma forma que de chegadas, com 12.250 passageiros. Ser\u00e3o ao todo 72.750 usu\u00e1rios partindo do Rio e chegando \u00e0 cidade em \u00f4nibus regulares, entre os dias 9 e 13 deste m\u00eas, e 39.700 em \u00f4nibus extras. Ao todo, passar\u00e3o pela Rodovi\u00e1ria do Rio, no per\u00edodo, 4.270 \u00f4nibus, sendo 2.780 regulares e 1.490 extras. A Rodovi\u00e1ria do Rio \u00e9 considerada o segundo maior terminal rodovi\u00e1rio da Am\u00e9rica Latina em movimenta\u00e7\u00e3o de passageiros.<\/p>\n\n\n\n<p>Visando motivar a conscientiza\u00e7\u00e3o e atitudes mais respons\u00e1veis por parte dos viajantes nos cuidados contra a covid-19 na espera pelo embarque e, principalmente, durante todo o percurso de viagem, a Rodovi\u00e1ria do Rio e empresas do setor est\u00e3o promovendo a campanha&nbsp;<em>Embarque Consciente<\/em>, que se estender\u00e1 durante todo o m\u00eas de outubro e princ\u00edpio de novembro. A a\u00e7\u00e3o conta com apoio da Ag\u00eancia Nacional de Transportes Terrestres (ANTT), Secretaria do Estado de Transportes do Rio de Janeiro e Companhia de Desenvolvimento Rodovi\u00e1rio e Terminais do Estado do Rio de Janeiro (Coderte).<\/p>\n\n\n\n<h2 class=\"wp-block-heading\">Hot\u00e9is<\/h2>\n\n\n\n<p>A ocupa\u00e7\u00e3o hoteleira para o feriado de Nossa Senhora Aparecida alcan\u00e7a, at\u00e9 o momento, m\u00e9dia geral de 52%, na capital do estado do Rio de Janeiro, para o per\u00edodo compreendido entre 9 e 12 de outubro. No ano anterior, n\u00e3o foi realizada pesquisa porque a data caiu em um s\u00e1bado.<\/p>\n\n\n\n<p>A proje\u00e7\u00e3o foi divulgada pelo Sindicato dos Meios de Hospedagem do Rio de Janeiro (Hot\u00e9is Rio). Em compara\u00e7\u00e3o com o \u00faltimo feriado (Dia da Independ\u00eancia), em que a ocupa\u00e7\u00e3o m\u00e9dia na capital fluminense ficou em torno de 45,50%, no de Nossa Senhora Aparecida h\u00e1 aumento em torno de 12,75%.<\/p>\n\n\n\n<p>\u201cNossa expectativa \u00e9 de que neste n\u00famero ainda haja um incremento de 15% a 20%\u201d, manifestou o presidente do Hot\u00e9is Rio, Alfredo Lopes. Entre os bairros mais procurados pelos turistas, destaque para Ipanema e Leblon (68%), Barra\/S\u00e3o Conrado (67%), Flamengo\/ Botafogo (54%), Centro (44%) e Leme\/Copacabana (42%).<\/p>\n\n\n\n<p>Cerca de 93% dos visitantes da capital neste feriad\u00e3o s\u00e3o provenientes do mercado nacional, com os estados de S\u00e3o Paulo, Minas Gerais, do pr\u00f3prio Rio de Janeiro e Paran\u00e1 entre os maiores emissores. No mercado internacional, 7% dos turistas s\u00e3o norte-americanos.<\/p>\n\n\n\n<h2 class=\"wp-block-heading\">Mais Rio por Menos<\/h2>\n\n\n\n<p>Para ajudar na retomada do turismo do Rio de Janeiro, o Sindicato dos Meios de Hospedagem do Rio de Janeiro (Hot\u00e9is Rio) e a Associa\u00e7\u00e3o Brasileira da Ind\u00fastria de Hot\u00e9is do Estado do Rio de Janeiro (ABIH-RJ) criaram a campanha promocional&nbsp;<em>Mais Rio por Menos<\/em>, que conta com a ades\u00e3o de toda a cadeia receptiva do turismo, englobando hot\u00e9is, restaurantes, equipamentos tur\u00edsticos,&nbsp;<em>shopping centers<\/em>, aeroporto RIOgale\u00e3o, empresas de transporte e terminais rodovi\u00e1rios do Rio e dos principais destinos emissores.<\/p>\n\n\n\n<p>Ser\u00e3o oferecidos descontos, condi\u00e7\u00f5es especiais ou apoio na divulga\u00e7\u00e3o das atra\u00e7\u00f5es. \u201cSer\u00e3o duas semanas inteiras de descontos ou condi\u00e7\u00f5es especiais imperd\u00edveis, exclusivas para turistas aproveitarem desde o momento do embarque\u201d, destacou Alfredo Lopes, presidente do Hot\u00e9is Rio. Mais de 60 meios de hospedagem da capital e do interior fluminense j\u00e1 aderiram \u00e0 campanha.<\/p>\n\n\n\n<p>Edi\u00e7\u00e3o: Val\u00e9ria Aguiar<\/p>\n","protected":false},"excerpt":{"rendered":"<p>No per\u00edodo que vai de 9 a 13 deste m\u00eas, o RIOgale\u00e3o ter\u00e1 349 voos<\/p>\n","protected":false},"author":2,"featured_media":2318,"comment_status":"open","ping_status":"open","sticky":false,"template":"","format":"standard","meta":{"footnotes":""},"categories":[17],"tags":[],"class_list":["post-2317","post","type-post","status-publish","format-standard","has-post-thumbnail","hentry","category-outras-noticias"],"_links":{"self":[{"href":"https:\/\/tvc16.com\/portal\/wp-json\/wp\/v2\/posts\/2317","targetHints":{"allow":["GET"]}}],"collection":[{"href":"https:\/\/tvc16.com\/portal\/wp-json\/wp\/v2\/posts"}],"about":[{"href":"https:\/\/tvc16.com\/portal\/wp-json\/wp\/v2\/types\/post"}],"author":[{"embeddable":true,"href":"https:\/\/tvc16.com\/portal\/wp-json\/wp\/v2\/users\/2"}],"replies":[{"embeddable":true,"href":"https:\/\/tvc16.com\/portal\/wp-json\/wp\/v2\/comments?post=2317"}],"version-history":[{"count":1,"href":"https:\/\/tvc16.com\/portal\/wp-json\/wp\/v2\/posts\/2317\/revisions"}],"predecessor-version":[{"id":2319,"href":"https:\/\/tvc16.com\/portal\/wp-json\/wp\/v2\/posts\/2317\/revisions\/2319"}],"wp:featuredmedia":[{"embeddable":true,"href":"https:\/\/tvc16.com\/portal\/wp-json\/wp\/v2\/media\/2318"}],"wp:attachment":[{"href":"https:\/\/tvc16.com\/portal\/wp-json\/wp\/v2\/media?parent=2317"}],"wp:term":[{"taxonomy":"category","embeddable":true,"href":"https:\/\/tvc16.com\/portal\/wp-json\/wp\/v2\/categories?post=2317"},{"taxonomy":"post_tag","embeddable":true,"href":"https:\/\/tvc16.com\/portal\/wp-json\/wp\/v2\/tags?post=2317"}],"curies":[{"name":"wp","href":"https:\/\/api.w.org\/{rel}","templated":true}]}}