{"id":2320,"date":"2020-10-09T17:12:46","date_gmt":"2020-10-09T17:12:46","guid":{"rendered":"https:\/\/tvc16.com\/portal\/?p=2320"},"modified":"2020-10-09T17:12:46","modified_gmt":"2020-10-09T17:12:46","slug":"caixa-paga-auxilio-emergencial-para-nascidos-em-abril","status":"publish","type":"post","link":"https:\/\/tvc16.com\/portal\/2020\/10\/09\/caixa-paga-auxilio-emergencial-para-nascidos-em-abril\/","title":{"rendered":"Caixa paga aux\u00edlio emergencial para nascidos em abril"},"content":{"rendered":"\n<p>Ser\u00e1 paga tamb\u00e9m a primeira parcela do aux\u00edlio emergencial extens\u00e3o<\/p>\n\n\n\n<h4 class=\"wp-block-heading\">Por Andreia Verd\u00e9lio \u2013 Rep\u00f3rter da Ag\u00eancia Brasil &#8211; Bras\u00edlia<\/h4>\n\n\n\n<p>A Caixa Econ\u00f4mica Federal paga hoje (9) o aux\u00edlio emergencial para 3,6 milh\u00f5es de brasileiros nascidos em abril. Ser\u00e3o liberados R$ 1,6 bilh\u00e3o para benefici\u00e1rios que n\u00e3o fazem parte do Bolsa Fam\u00edlia, no ciclo 3 de pagamentos do programa.<img decoding=\"async\" src=\"https:\/\/agenciabrasil.ebc.com.br\/ebc.png?id=1390213&amp;o=node\"><img decoding=\"async\" src=\"https:\/\/agenciabrasil.ebc.com.br\/ebc.gif?id=1390213&amp;o=node\"><\/p>\n\n\n\n<p>Do total, 1,4 milh\u00e3o receber\u00e3o R$ 900 milh\u00f5es referentes as parcelas do aux\u00edlio emergencial. Os demais, 2,2 milh\u00f5es, ser\u00e3o contemplados com a primeira parcela do aux\u00edlio emergencial extens\u00e3o, em um montante de R$ 700 milh\u00f5es.<\/p>\n\n\n\n<p>Os recursos estar\u00e3o dispon\u00edveis para movimenta\u00e7\u00e3o na poupan\u00e7a social digital e poder\u00e3o ser movimentados pelo aplicativo Caixa Tem. Com ele \u00e9 poss\u00edvel fazer compras na internet e nas maquininhas em diversos estabelecimentos comerciais, por meio do cart\u00e3o de d\u00e9bito virtual e QR Code. O benefici\u00e1rio tamb\u00e9m pode pagar boletos e contas, como \u00e1gua e telefone, pelo pr\u00f3prio aplicativo ou nas casas lot\u00e9ricas.<\/p>\n\n\n\n<p>O calend\u00e1rio de pagamentos do aux\u00edlio emergencial \u00e9 organizado em ciclos de cr\u00e9dito em conta poupan\u00e7a social digital e de saque em esp\u00e9cie. Os benefici\u00e1rios recebem a parcela a que t\u00eam direito no per\u00edodo, de acordo com o m\u00eas de nascimento. Saques e transfer\u00eancias para quem recebe o cr\u00e9dito nesta sexta-feira ser\u00e3o liberados a partir do dia 21 de novembro.<\/p>\n\n\n\n<p>O benef\u00edcio criado em abril pelo governo federal foi estendido at\u00e9 31 de dezembro, por meio da Medida Provis\u00f3ria (MP) n\u00ba 1000. O aux\u00edlio emergencial extens\u00e3o ser\u00e1 pago em at\u00e9 quatro parcelas de R$ 300,00 cada e, no caso das m\u00e3es chefes de fam\u00edlia monoparental, o valor \u00e9 de R$ 600,00.<\/p>\n\n\n\n<p>De acordo com a Caixa, n\u00e3o h\u00e1 necessidade de novo requerimento para receber a extens\u00e3o do aux\u00edlio. Somente aqueles que j\u00e1 foram beneficiados e, a partir de agora, se enquadram nos novos requisitos estabelecidos na MP, ter\u00e3o direito a continuar recebendo o benef\u00edcio. A parcela extra inicial ser\u00e1 para os benefici\u00e1rios que receberam a primeira parcela do aux\u00edlio emergencial em abril.<\/p>\n\n\n\n<p>Edi\u00e7\u00e3o: Maria Claudia<\/p>\n","protected":false},"excerpt":{"rendered":"<p>Ser\u00e1 paga tamb\u00e9m a primeira parcela do aux\u00edlio emergencial extens\u00e3o Por Andreia Verd\u00e9lio \u2013 Rep\u00f3rter<\/p>\n","protected":false},"author":2,"featured_media":2321,"comment_status":"open","ping_status":"open","sticky":false,"template":"","format":"standard","meta":{"footnotes":""},"categories":[14],"tags":[],"class_list":["post-2320","post","type-post","status-publish","format-standard","has-post-thumbnail","hentry","category-pais"],"_links":{"self":[{"href":"https:\/\/tvc16.com\/portal\/wp-json\/wp\/v2\/posts\/2320","targetHints":{"allow":["GET"]}}],"collection":[{"href":"https:\/\/tvc16.com\/portal\/wp-json\/wp\/v2\/posts"}],"about":[{"href":"https:\/\/tvc16.com\/portal\/wp-json\/wp\/v2\/types\/post"}],"author":[{"embeddable":true,"href":"https:\/\/tvc16.com\/portal\/wp-json\/wp\/v2\/users\/2"}],"replies":[{"embeddable":true,"href":"https:\/\/tvc16.com\/portal\/wp-json\/wp\/v2\/comments?post=2320"}],"version-history":[{"count":1,"href":"https:\/\/tvc16.com\/portal\/wp-json\/wp\/v2\/posts\/2320\/revisions"}],"predecessor-version":[{"id":2322,"href":"https:\/\/tvc16.com\/portal\/wp-json\/wp\/v2\/posts\/2320\/revisions\/2322"}],"wp:featuredmedia":[{"embeddable":true,"href":"https:\/\/tvc16.com\/portal\/wp-json\/wp\/v2\/media\/2321"}],"wp:attachment":[{"href":"https:\/\/tvc16.com\/portal\/wp-json\/wp\/v2\/media?parent=2320"}],"wp:term":[{"taxonomy":"category","embeddable":true,"href":"https:\/\/tvc16.com\/portal\/wp-json\/wp\/v2\/categories?post=2320"},{"taxonomy":"post_tag","embeddable":true,"href":"https:\/\/tvc16.com\/portal\/wp-json\/wp\/v2\/tags?post=2320"}],"curies":[{"name":"wp","href":"https:\/\/api.w.org\/{rel}","templated":true}]}}