{"id":2323,"date":"2020-10-09T17:13:59","date_gmt":"2020-10-09T17:13:59","guid":{"rendered":"https:\/\/tvc16.com\/portal\/?p=2323"},"modified":"2020-10-09T17:13:59","modified_gmt":"2020-10-09T17:13:59","slug":"governo-manda-71-soldados-para-reforcar-combate-a-fogo-no-pantanal","status":"publish","type":"post","link":"https:\/\/tvc16.com\/portal\/2020\/10\/09\/governo-manda-71-soldados-para-reforcar-combate-a-fogo-no-pantanal\/","title":{"rendered":"Governo manda 71 soldados para refor\u00e7ar combate a fogo no Pantanal"},"content":{"rendered":"\n<p>Efetivo da For\u00e7a Nacional ser\u00e1 aumentado<\/p>\n\n\n\n<h4 class=\"wp-block-heading\">Por Luciano Nascimento &#8211; Rep\u00f3rter da Ag\u00eancia Brasil &#8211; Bras\u00edlia<\/h4>\n\n\n\n<p>O Minist\u00e9rio da Justi\u00e7a e Seguran\u00e7a P\u00fablica (MJSP) informou hoje (9) que vai aumentar o efetivo da For\u00e7a Nacional que ajuda a conter os inc\u00eandios na regi\u00e3o do Pantanal do Mato Grosso do Sul. Ao todo, ser\u00e3o 71 bombeiros militares mobilizados temporariamente do Distrito Federal e de Santa Catarina. Eles atuar\u00e3o na regi\u00e3o por 30 dias, prazo que poder\u00e1 ser prorrogado.<img decoding=\"async\" src=\"https:\/\/agenciabrasil.ebc.com.br\/ebc.png?id=1390221&amp;o=node\"><img decoding=\"async\" src=\"https:\/\/agenciabrasil.ebc.com.br\/ebc.gif?id=1390221&amp;o=node\"><\/p>\n\n\n\n<p>\u201cOs militares do Distrito Federal partir\u00e3o nesta sexta-feira (9) e os de Santa Catarina tamb\u00e9m est\u00e3o em processo de mobiliza\u00e7\u00e3o e j\u00e1 se encontram no estado combatendo o fogo\u201d, informou o minist\u00e9rio.<\/p>\n\n\n\n<p>A medida atende a um pedido do governador do Mato Grosso do Sul, Reinaldo Azambuja. Segundo o minist\u00e9rio, as despesas com o custeio das di\u00e1rias ficar\u00e3o a cargo do governo federal.<\/p>\n\n\n\n<p>De acordo com o secret\u00e1rio nacional de Seguran\u00e7a P\u00fablica do Minist\u00e9rio da Justi\u00e7a e Seguran\u00e7a P\u00fablica (Senasp\/MJSP), Renato Paim, o envio emergencial est\u00e1 sendo tratado com os estados desde quando o ministro da Justi\u00e7a, Andr\u00e9 Mendon\u00e7a, manifestou apoio a Mato Grosso e Mato Grosso do Sul.<\/p>\n\n\n\n<p>\u201cO apoio ao estado sul-mato-grossense respeita o pacto federativo. Entramos em contato com as secretarias de seguran\u00e7a p\u00fablica de todo o pa\u00eds para que juntos reforcemos o combate \u00e0s queimadas\u201d, destacou.<\/p>\n\n\n\n<p>Edi\u00e7\u00e3o: Kleber Sampaio<\/p>\n","protected":false},"excerpt":{"rendered":"<p>Efetivo da For\u00e7a Nacional ser\u00e1 aumentado Por Luciano Nascimento &#8211; Rep\u00f3rter da Ag\u00eancia Brasil &#8211;<\/p>\n","protected":false},"author":2,"featured_media":2324,"comment_status":"open","ping_status":"open","sticky":false,"template":"","format":"standard","meta":{"footnotes":""},"categories":[14],"tags":[],"class_list":["post-2323","post","type-post","status-publish","format-standard","has-post-thumbnail","hentry","category-pais"],"_links":{"self":[{"href":"https:\/\/tvc16.com\/portal\/wp-json\/wp\/v2\/posts\/2323","targetHints":{"allow":["GET"]}}],"collection":[{"href":"https:\/\/tvc16.com\/portal\/wp-json\/wp\/v2\/posts"}],"about":[{"href":"https:\/\/tvc16.com\/portal\/wp-json\/wp\/v2\/types\/post"}],"author":[{"embeddable":true,"href":"https:\/\/tvc16.com\/portal\/wp-json\/wp\/v2\/users\/2"}],"replies":[{"embeddable":true,"href":"https:\/\/tvc16.com\/portal\/wp-json\/wp\/v2\/comments?post=2323"}],"version-history":[{"count":1,"href":"https:\/\/tvc16.com\/portal\/wp-json\/wp\/v2\/posts\/2323\/revisions"}],"predecessor-version":[{"id":2325,"href":"https:\/\/tvc16.com\/portal\/wp-json\/wp\/v2\/posts\/2323\/revisions\/2325"}],"wp:featuredmedia":[{"embeddable":true,"href":"https:\/\/tvc16.com\/portal\/wp-json\/wp\/v2\/media\/2324"}],"wp:attachment":[{"href":"https:\/\/tvc16.com\/portal\/wp-json\/wp\/v2\/media?parent=2323"}],"wp:term":[{"taxonomy":"category","embeddable":true,"href":"https:\/\/tvc16.com\/portal\/wp-json\/wp\/v2\/categories?post=2323"},{"taxonomy":"post_tag","embeddable":true,"href":"https:\/\/tvc16.com\/portal\/wp-json\/wp\/v2\/tags?post=2323"}],"curies":[{"name":"wp","href":"https:\/\/api.w.org\/{rel}","templated":true}]}}