{"id":2326,"date":"2020-10-09T17:15:36","date_gmt":"2020-10-09T17:15:36","guid":{"rendered":"https:\/\/tvc16.com\/portal\/?p=2326"},"modified":"2020-10-09T17:15:36","modified_gmt":"2020-10-09T17:15:36","slug":"alimentos-puxam-alta-de-precos-em-setembro-aponta-o-ibge","status":"publish","type":"post","link":"https:\/\/tvc16.com\/portal\/2020\/10\/09\/alimentos-puxam-alta-de-precos-em-setembro-aponta-o-ibge\/","title":{"rendered":"Alimentos puxam alta de pre\u00e7os em setembro, aponta o IBGE"},"content":{"rendered":"\n<p>Alta ocorreu principalmente por causa da refei\u00e7\u00e3o dentro do domic\u00edlio<\/p>\n\n\n\n<h4 class=\"wp-block-heading\">Por Vitor Abdala &#8211; Rep\u00f3rter da Ag\u00eancia Brasil &#8211; Rio de Janeiro<\/h4>\n\n\n\n<p>O grupo de despesas com alimenta\u00e7\u00e3o e bebidas teve uma alta de pre\u00e7os de 2,28% em setembro, e foi o principal respons\u00e1vel pela infla\u00e7\u00e3o oficial no m\u00eas, de 0,64%. A alta dos alimentos foi maior do que a observada em agosto, de 0,78%.<img decoding=\"async\" src=\"https:\/\/agenciabrasil.ebc.com.br\/ebc.png?id=1390215&amp;o=node\"><img decoding=\"async\" src=\"https:\/\/agenciabrasil.ebc.com.br\/ebc.gif?id=1390215&amp;o=node\"><\/p>\n\n\n\n<p>Os dados do \u00cdndice Nacional de Pre\u00e7os ao Consumidor Amplo (IPCA) foram divulgados hoje (9) pelo Instituto Brasileiro de Geografia e Estat\u00edstica (IBGE).<\/p>\n\n\n\n<p>A alta dos alimentos ocorreu principalmente por causa da refei\u00e7\u00e3o dentro do domic\u00edlio, que subiu 2,89%. Entre os produtos com maiores aumentos de pre\u00e7o est\u00e3o o \u00f3leo de soja (27,54%) e o arroz (17,98%). O tomate teve alta de 11,72%; o leite longa vida, 6,01%, e as carnes, 4,53%.&nbsp;<\/p>\n\n\n\n<p>\u201cO c\u00e2mbio num patamar mais elevado estimula as exporta\u00e7\u00f5es. Quando se exporta mais, reduz os produtos para o mercado dom\u00e9stico e, com isso, temos uma alta nos pre\u00e7os. Outro fator \u00e9 a demanda interna elevada, que por conta dos programas de aux\u00edlio do governo, como o aux\u00edlio emergencial, tem ajudado a manter os pre\u00e7os num patamar elevado. No caso do gr\u00e3o de soja, temos ainda forte demanda da ind\u00fastria de biodiesel\u201d, explicou o pesquisador do IBGE Pedro Kislanov.<\/p>\n\n\n\n<p>Outro grupo de despesas com impacto importante na infla\u00e7\u00e3o em setembro foi o de transportes (0,70%), cuja alta de pre\u00e7os foi puxada pela gasolina (1,95%), \u00f3leo diesel (2,47%), etanol (2,21%) e passagens a\u00e9reas (6,39%).<\/p>\n\n\n\n<p>Tamb\u00e9m tiveram altas de pre\u00e7os os grupos artigos de resid\u00eancia (1%), habita\u00e7\u00e3o (0,37%), vestu\u00e1rio (0,37%), comunica\u00e7\u00e3o (0,15%) e despesas pessoais (0,09%).<\/p>\n\n\n\n<p>Por outro lado, sa\u00fade e cuidados pessoais teve defla\u00e7\u00e3o (queda de pre\u00e7os) de 0,64%, principalmente devido ao item plano de sa\u00fade, cujos pre\u00e7os recuaram 2,31% devido a decis\u00e3o da Ag\u00eancia Nacional de Sa\u00fade Suplementar (ANS) de suspender at\u00e9 o fim do ano os reajustes dos planos. Educa\u00e7\u00e3o tamb\u00e9m teve defla\u00e7\u00e3o de 0,09%.<\/p>\n\n\n\n<p>Edi\u00e7\u00e3o: Fernando Fraga<\/p>\n","protected":false},"excerpt":{"rendered":"<p>Alta ocorreu principalmente por causa da refei\u00e7\u00e3o dentro do domic\u00edlio Por Vitor Abdala &#8211; Rep\u00f3rter<\/p>\n","protected":false},"author":2,"featured_media":2327,"comment_status":"open","ping_status":"open","sticky":false,"template":"","format":"standard","meta":{"footnotes":""},"categories":[18],"tags":[],"class_list":["post-2326","post","type-post","status-publish","format-standard","has-post-thumbnail","hentry","category-economia"],"_links":{"self":[{"href":"https:\/\/tvc16.com\/portal\/wp-json\/wp\/v2\/posts\/2326","targetHints":{"allow":["GET"]}}],"collection":[{"href":"https:\/\/tvc16.com\/portal\/wp-json\/wp\/v2\/posts"}],"about":[{"href":"https:\/\/tvc16.com\/portal\/wp-json\/wp\/v2\/types\/post"}],"author":[{"embeddable":true,"href":"https:\/\/tvc16.com\/portal\/wp-json\/wp\/v2\/users\/2"}],"replies":[{"embeddable":true,"href":"https:\/\/tvc16.com\/portal\/wp-json\/wp\/v2\/comments?post=2326"}],"version-history":[{"count":1,"href":"https:\/\/tvc16.com\/portal\/wp-json\/wp\/v2\/posts\/2326\/revisions"}],"predecessor-version":[{"id":2328,"href":"https:\/\/tvc16.com\/portal\/wp-json\/wp\/v2\/posts\/2326\/revisions\/2328"}],"wp:featuredmedia":[{"embeddable":true,"href":"https:\/\/tvc16.com\/portal\/wp-json\/wp\/v2\/media\/2327"}],"wp:attachment":[{"href":"https:\/\/tvc16.com\/portal\/wp-json\/wp\/v2\/media?parent=2326"}],"wp:term":[{"taxonomy":"category","embeddable":true,"href":"https:\/\/tvc16.com\/portal\/wp-json\/wp\/v2\/categories?post=2326"},{"taxonomy":"post_tag","embeddable":true,"href":"https:\/\/tvc16.com\/portal\/wp-json\/wp\/v2\/tags?post=2326"}],"curies":[{"name":"wp","href":"https:\/\/api.w.org\/{rel}","templated":true}]}}