{"id":2329,"date":"2020-10-09T17:16:47","date_gmt":"2020-10-09T17:16:47","guid":{"rendered":"https:\/\/tvc16.com\/portal\/?p=2329"},"modified":"2020-10-09T17:16:47","modified_gmt":"2020-10-09T17:16:47","slug":"gdf-amplia-horario-de-funcionamento-do-comercio-e-de-shoppings","status":"publish","type":"post","link":"https:\/\/tvc16.com\/portal\/2020\/10\/09\/gdf-amplia-horario-de-funcionamento-do-comercio-e-de-shoppings\/","title":{"rendered":"GDF amplia hor\u00e1rio de funcionamento do com\u00e9rcio e de shoppings"},"content":{"rendered":"\n<p>A decis\u00e3o come\u00e7a a valer a partir desta sexta-feira<\/p>\n\n\n\n<h4 class=\"wp-block-heading\">Por Luciano Nascimento &#8211; Rep\u00f3rter da Ag\u00eancia Brasil &#8211; Bras\u00edlia<\/h4>\n\n\n\n<p>O Governo do Distrito Federal publicou hoje (9) um decreto autorizando a retomada das atividades do com\u00e9rcio sem restri\u00e7\u00e3o de hor\u00e1rio. A decis\u00e3o come\u00e7a a valer a partir desta sexta-feira. Com isso, os&nbsp;<em>shoppings centers<\/em>&nbsp;passam a funcionar das 10h \u00e0s 22h. J\u00e1 as lojas de rua podem retomar suas atividades conforme o hor\u00e1rio previsto no alvar\u00e1 emitido pela administra\u00e7\u00e3o p\u00fablica.<img decoding=\"async\" src=\"https:\/\/agenciabrasil.ebc.com.br\/ebc.png?id=1390214&amp;o=node\"><img decoding=\"async\" src=\"https:\/\/agenciabrasil.ebc.com.br\/ebc.gif?id=1390214&amp;o=node\"><\/p>\n\n\n\n<p>Antes, o com\u00e9rcio de rua da capital estava limitado a funcionar das 10h \u00e0s 20h e os&nbsp;<em>shoppings<\/em>&nbsp;das 11h \u00e0s 21h. Com a nova medida, continuam mantidos os protocolos de seguran\u00e7a e preven\u00e7\u00e3o contra a covid-19, como a n\u00e3o aglomera\u00e7\u00e3o de pessoas, o uso obrigat\u00f3rio de m\u00e1scaras, a aferi\u00e7\u00e3o de temperatura na entrada dos centros comerciais e a disponibiliza\u00e7\u00e3o de \u00e1lcool gel.<\/p>\n\n\n\n<p>No caso de bares e restaurantes, o texto libera a restri\u00e7\u00e3o ent\u00e3o vigente do limite de seis clientes por mesa. Tamb\u00e9m prosseguem as recomenda\u00e7\u00f5es de cuidados como limpeza regular de cadeiras e mesas, a higieniza\u00e7\u00e3o dos card\u00e1pios ap\u00f3s a manipula\u00e7\u00e3o por clientes; de privilegiar a ventila\u00e7\u00e3o natural do ambiente ao ar-condicionado.<\/p>\n\n\n\n<p>Edi\u00e7\u00e3o: Val\u00e9ria Aguiar<\/p>\n","protected":false},"excerpt":{"rendered":"<p>A decis\u00e3o come\u00e7a a valer a partir desta sexta-feira Por Luciano Nascimento &#8211; Rep\u00f3rter da<\/p>\n","protected":false},"author":2,"featured_media":2330,"comment_status":"open","ping_status":"open","sticky":false,"template":"","format":"standard","meta":{"footnotes":""},"categories":[17],"tags":[],"class_list":["post-2329","post","type-post","status-publish","format-standard","has-post-thumbnail","hentry","category-outras-noticias"],"_links":{"self":[{"href":"https:\/\/tvc16.com\/portal\/wp-json\/wp\/v2\/posts\/2329","targetHints":{"allow":["GET"]}}],"collection":[{"href":"https:\/\/tvc16.com\/portal\/wp-json\/wp\/v2\/posts"}],"about":[{"href":"https:\/\/tvc16.com\/portal\/wp-json\/wp\/v2\/types\/post"}],"author":[{"embeddable":true,"href":"https:\/\/tvc16.com\/portal\/wp-json\/wp\/v2\/users\/2"}],"replies":[{"embeddable":true,"href":"https:\/\/tvc16.com\/portal\/wp-json\/wp\/v2\/comments?post=2329"}],"version-history":[{"count":1,"href":"https:\/\/tvc16.com\/portal\/wp-json\/wp\/v2\/posts\/2329\/revisions"}],"predecessor-version":[{"id":2331,"href":"https:\/\/tvc16.com\/portal\/wp-json\/wp\/v2\/posts\/2329\/revisions\/2331"}],"wp:featuredmedia":[{"embeddable":true,"href":"https:\/\/tvc16.com\/portal\/wp-json\/wp\/v2\/media\/2330"}],"wp:attachment":[{"href":"https:\/\/tvc16.com\/portal\/wp-json\/wp\/v2\/media?parent=2329"}],"wp:term":[{"taxonomy":"category","embeddable":true,"href":"https:\/\/tvc16.com\/portal\/wp-json\/wp\/v2\/categories?post=2329"},{"taxonomy":"post_tag","embeddable":true,"href":"https:\/\/tvc16.com\/portal\/wp-json\/wp\/v2\/tags?post=2329"}],"curies":[{"name":"wp","href":"https:\/\/api.w.org\/{rel}","templated":true}]}}