{"id":2333,"date":"2020-10-09T17:41:25","date_gmt":"2020-10-09T17:41:25","guid":{"rendered":"https:\/\/tvc16.com\/portal\/?p=2333"},"modified":"2020-10-09T17:41:25","modified_gmt":"2020-10-09T17:41:25","slug":"inscricoes-para-vagas-remanescentes-do-fies-estao-suspensas","status":"publish","type":"post","link":"https:\/\/tvc16.com\/portal\/2020\/10\/09\/inscricoes-para-vagas-remanescentes-do-fies-estao-suspensas\/","title":{"rendered":"Inscri\u00e7\u00f5es para vagas remanescentes do Fies est\u00e3o suspensas"},"content":{"rendered":"\n<p>Novo cronograma ser\u00e1 divulgado em edital espec\u00edfico<\/p>\n\n\n\n<h4 class=\"wp-block-heading\">Por Andreia Verd\u00e9lio \u2013 Rep\u00f3rter da Ag\u00eancia Brasil &#8211; Bras\u00edlia<\/h4>\n\n\n\n<p>O Minist\u00e9rio da Educa\u00e7\u00e3o (MEC) vai prorrogar o prazo para inscri\u00e7\u00f5es em vagas remanescentes do Fundo de Financiamento Estudantil (Fies) do segundo semestre de 2020. De acordo com comunicado na&nbsp;<a href=\"http:\/\/fies.mec.gov.br\/\" target=\"_blank\" rel=\"noreferrer noopener\">p\u00e1gina do Fies<\/a>&nbsp;na internet, a alta procura pelas inscri\u00e7\u00f5es ocasionou sobrecarga e instabilidade no sistema. O processo est\u00e1 suspenso e um novo cronograma ser\u00e1 divulgado em edital espec\u00edfico.<img decoding=\"async\" src=\"https:\/\/agenciabrasil.ebc.com.br\/ebc.png?id=1390208&amp;o=node\"><img decoding=\"async\" src=\"https:\/\/agenciabrasil.ebc.com.br\/ebc.gif?id=1390208&amp;o=node\"><\/p>\n\n\n\n<p>As inscri\u00e7\u00f5es come\u00e7aram na \u00faltima segunda-feira (6) e, segundo o comunicado, quem j\u00e1 se inscreveu n\u00e3o ser\u00e1 prejudicado. A amplia\u00e7\u00e3o do prazo ser\u00e1 proporcional ao tempo em que a plataforma ficou indispon\u00edvel para os candidatos.<\/p>\n\n\n\n<p>Os tr\u00eas primeiros dias de inscri\u00e7\u00f5es (6 a 8\/10), estavam reservados para a oferta exclusiva de vagas para os cursos priorit\u00e1rios, como os da \u00e1rea de sa\u00fade, engenharias, licenciaturas e ci\u00eancia da computa\u00e7\u00e3o. Os candidatos n\u00e3o matriculados em uma institui\u00e7\u00e3o de ensino superior poderiam se inscrever at\u00e9 13 de outubro. E aqueles j\u00e1 matriculados teriam prazo at\u00e9 o dia 13 de novembro para realizar suas inscri\u00e7\u00f5es.<\/p>\n\n\n\n<p>As vagas remanescentes s\u00e3o aquelas que n\u00e3o foram ocupadas no decorrer do processo seletivo regular, por desist\u00eancia dos candidatos pr\u00e9-selecionados ou falta de documenta\u00e7\u00e3o na contrata\u00e7\u00e3o do financiamento, por exemplo. Nessa etapa, est\u00e3o sendo ofertadas 50 mil vagas.<\/p>\n\n\n\n<p>O processo de ocupa\u00e7\u00e3o das vagas remanescentes \u00e9 diferente dos processos regulares de sele\u00e7\u00e3o do Fies e ocorrer\u00e1 de acordo com a ordem de conclus\u00e3o das inscri\u00e7\u00f5es. Por essa raz\u00e3o, o MEC alerta que o candidato que precisar alterar alguma informa\u00e7\u00e3o na inscri\u00e7\u00e3o j\u00e1 conclu\u00edda no sistema deve ficar atento porque ter\u00e1 que cancel\u00e1-la para depois realizar uma nova inscri\u00e7\u00e3o. Dessa forma, a mesma vaga escolhida anteriormente poder\u00e1 ser ocupada por outro candidato que tiver conclu\u00eddo a inscri\u00e7\u00e3o antes.<\/p>\n\n\n\n<p>Para se inscrever, \u00e9 necess\u00e1rio ter participado de uma das edi\u00e7\u00f5es do Exame Nacional do Ensino M\u00e9dio (Enem), a partir de 2010, ter obtido no m\u00ednimo 450 pontos na m\u00e9dia das cinco provas do exame e n\u00e3o ter zerado a prova de reda\u00e7\u00e3o. O interessado precisa ainda ter renda mensal bruta de at\u00e9 tr\u00eas sal\u00e1rios m\u00ednimos por pessoa da fam\u00edlia.<\/p>\n\n\n\n<p>O Fies \u00e9 o programa do governo federal que tem o objetivo de facilitar o acesso ao cr\u00e9dito para financiamento de cursos de ensino superior oferecidos por institui\u00e7\u00f5es privadas. Criado em 1999, ele \u00e9 ofertado em duas modalidades desde 2018, por meio do Fies e do Programa de Financiamento Estudantil (P-Fies).<\/p>\n\n\n\n<p>O primeiro \u00e9 operado pelo governo federal, sem incid\u00eancia de juros, para estudantes que t\u00eam renda familiar de at\u00e9 tr\u00eas sal\u00e1rios m\u00ednimos por pessoa; o percentual m\u00e1ximo do valor do curso financiado \u00e9 definido de acordo com a renda familiar e os encargos educacionais cobrados pelas institui\u00e7\u00f5es de ensino. J\u00e1 o P-Fies funciona com recursos dos fundos constitucionais e dos bancos privados participantes, o que implica cobran\u00e7a de juros.<\/p>\n\n\n\n<p>Edi\u00e7\u00e3o: Val\u00e9ria Aguiar<\/p>\n","protected":false},"excerpt":{"rendered":"<p>Novo cronograma ser\u00e1 divulgado em edital espec\u00edfico Por Andreia Verd\u00e9lio \u2013 Rep\u00f3rter da Ag\u00eancia Brasil<\/p>\n","protected":false},"author":2,"featured_media":2334,"comment_status":"open","ping_status":"open","sticky":false,"template":"","format":"standard","meta":{"footnotes":""},"categories":[19],"tags":[],"class_list":["post-2333","post","type-post","status-publish","format-standard","has-post-thumbnail","hentry","category-educacao"],"_links":{"self":[{"href":"https:\/\/tvc16.com\/portal\/wp-json\/wp\/v2\/posts\/2333","targetHints":{"allow":["GET"]}}],"collection":[{"href":"https:\/\/tvc16.com\/portal\/wp-json\/wp\/v2\/posts"}],"about":[{"href":"https:\/\/tvc16.com\/portal\/wp-json\/wp\/v2\/types\/post"}],"author":[{"embeddable":true,"href":"https:\/\/tvc16.com\/portal\/wp-json\/wp\/v2\/users\/2"}],"replies":[{"embeddable":true,"href":"https:\/\/tvc16.com\/portal\/wp-json\/wp\/v2\/comments?post=2333"}],"version-history":[{"count":1,"href":"https:\/\/tvc16.com\/portal\/wp-json\/wp\/v2\/posts\/2333\/revisions"}],"predecessor-version":[{"id":2335,"href":"https:\/\/tvc16.com\/portal\/wp-json\/wp\/v2\/posts\/2333\/revisions\/2335"}],"wp:featuredmedia":[{"embeddable":true,"href":"https:\/\/tvc16.com\/portal\/wp-json\/wp\/v2\/media\/2334"}],"wp:attachment":[{"href":"https:\/\/tvc16.com\/portal\/wp-json\/wp\/v2\/media?parent=2333"}],"wp:term":[{"taxonomy":"category","embeddable":true,"href":"https:\/\/tvc16.com\/portal\/wp-json\/wp\/v2\/categories?post=2333"},{"taxonomy":"post_tag","embeddable":true,"href":"https:\/\/tvc16.com\/portal\/wp-json\/wp\/v2\/tags?post=2333"}],"curies":[{"name":"wp","href":"https:\/\/api.w.org\/{rel}","templated":true}]}}