{"id":2340,"date":"2020-10-09T17:55:14","date_gmt":"2020-10-09T17:55:14","guid":{"rendered":"https:\/\/tvc16.com\/portal\/?p=2340"},"modified":"2020-10-09T17:55:14","modified_gmt":"2020-10-09T17:55:14","slug":"cai-para-338-milhoes-numero-de-pessoas-rigorosamente-isoladas","status":"publish","type":"post","link":"https:\/\/tvc16.com\/portal\/2020\/10\/09\/cai-para-338-milhoes-numero-de-pessoas-rigorosamente-isoladas\/","title":{"rendered":"Cai para 33,8 milh\u00f5es n\u00famero de pessoas rigorosamente isoladas"},"content":{"rendered":"\n<p>Cerca de 5,1 milh\u00f5es de pessoas interromperam o isolamento<\/p>\n\n\n\n<h4 class=\"wp-block-heading\">Por Ana Cristina Campos \u2013 Rep\u00f3rter da Ag\u00eancia Brasil &#8211; Rio de Janeiro<\/h4>\n\n\n\n<p>O n\u00famero de pessoas rigorosamente isoladas para conten\u00e7\u00e3o da pandemia da covid-19 caiu em 1,6 milh\u00e3o entre a segunda e a terceira semana de setembro, totalizando 33,8 milh\u00f5es. Cerca de 5,1 milh\u00f5es de pessoas interromperam as medidas mais r\u00edgidas de isolamento nas tr\u00eas primeiras semanas de setembro.<img decoding=\"async\" src=\"https:\/\/agenciabrasil.ebc.com.br\/ebc.png?id=1390220&amp;o=node\"><img decoding=\"async\" src=\"https:\/\/agenciabrasil.ebc.com.br\/ebc.gif?id=1390220&amp;o=node\"><\/p>\n\n\n\n<p>Os dados constam da edi\u00e7\u00e3o semanal da Pesquisa Nacional por Amostra de Domic\u00edlios (Pnad) Covid-19, divulgada hoje (9) pelo Instituto Brasileiro de Geografia e Estat\u00edstica (IBGE).<\/p>\n\n\n\n<p>O grupo das pessoas que reduziu o contato, mas continuou saindo ou recebendo visitas, aumentou em 2,4 milh\u00f5es na terceira semana de setembro. Segundo o IBGE, pela primeira vez, desde junho, quando esse tema come\u00e7ou a ser abordado pela pesquisa, esse \u00e9 o maior grupo entre os pesquisados, representando 40,5% da popula\u00e7\u00e3o brasileira. As pessoas que adotaram esse comportamento mais flex\u00edvel, agora, somam 85,7 milh\u00f5es.<\/p>\n\n\n\n<p>Segundo o IBGE, anteriormente o maior grupo entre a popula\u00e7\u00e3o era formado por pessoas que ficavam em casa e s\u00f3 sa\u00edam por necessidade b\u00e1sica, que, na semana de 13 a 19 de setembro representavam 39,9% dos brasileiros. Essa parcela da popula\u00e7\u00e3o \u00e9 formada por 84,4 milh\u00f5es de pessoas, ficando est\u00e1vel em rela\u00e7\u00e3o \u00e0 semana anterior.<\/p>\n\n\n\n<p>Outro grupo que permaneceu est\u00e1vel foi o formado por aqueles que n\u00e3o adotaram qualquer medida de restri\u00e7\u00e3o, somando 6,5 milh\u00f5es de pessoas, ou 3,1% da popula\u00e7\u00e3o.<\/p>\n\n\n\n<p>Para a coordenadora da pesquisa, Maria Lucia Vieira, a flexibiliza\u00e7\u00e3o do isolamento social \u00e9 uma tend\u00eancia que vem sendo observada desde que o tema passou a ser levantado. \u201cToda semana tem cada vez menos pessoas que ficam rigorosamente isoladas dentro de casa e elas passam para uma medida um pouco menos restritiva, que \u00e9 sair para resolver algumas coisas\u201d, disse a pesquisadora, em nota.<\/p>\n\n\n\n<h2 class=\"wp-block-heading\">Mercado de trabalho<\/h2>\n\n\n\n<p>Segundo Maria Lucia, a flexibiliza\u00e7\u00e3o tamb\u00e9m levou parte da popula\u00e7\u00e3o a buscar novamente o mercado de trabalho. \u201cAs pessoas est\u00e3o, semana a semana, voltando a procurar trabalho ou a trabalhar. A pandemia vem deixando de ser a principal causa de as pessoas n\u00e3o buscarem trabalho\u201d, disse.<\/p>\n\n\n\n<p>Na terceira semana de setembro, segundo o levantamento, houve queda de cerca de 859 mil na popula\u00e7\u00e3o que n\u00e3o estava ocupada e que apontava como motivos para n\u00e3o procurar emprego a pandemia ou n\u00e3o encontrar vagas na localidade. Esse contingente passou a ser formado por 15,4 milh\u00f5es de pessoas.<\/p>\n\n\n\n<p>De acordo com a pesquisa, outro poss\u00edvel reflexo da flexibiliza\u00e7\u00e3o das medidas de isolamento foi o aumento no n\u00edvel de ocupa\u00e7\u00e3o da segunda para a terceira semana de setembro, chegando a 49,1%.<\/p>\n\n\n\n<p>\u201c\u00c9 a primeira vez [na s\u00e9rie hist\u00f3rica da pesquisa] que o n\u00edvel de ocupa\u00e7\u00e3o tem um aumento significativo. Ele se d\u00e1 a partir de varia\u00e7\u00f5es positivas sucessivas da popula\u00e7\u00e3o ocupada nessas \u00faltimas quatro semanas. Esse contingente vem aumentando um pouco, n\u00e3o de forma estaticamente significativa, mas h\u00e1 uma tend\u00eancia de crescimento. O mercado de trabalho j\u00e1 parece mostrar as primeiras rea\u00e7\u00f5es de recupera\u00e7\u00e3o\u201d, disse a gerente da pesquisa.<\/p>\n\n\n\n<p>A popula\u00e7\u00e3o ocupada foi estimada em 83,7 milh\u00f5es, o que \u00e9 considerado estatisticamente est\u00e1vel na compara\u00e7\u00e3o com a semana anterior, quando eram 82,6 milh\u00f5es de ocupados. O n\u00famero de desempregados tamb\u00e9m se manteve est\u00e1vel, totalizando 13,3 milh\u00f5es. Com isso, a taxa de desemprego foi de 13,7%.<\/p>\n\n\n\n<h2 class=\"wp-block-heading\">Educa\u00e7\u00e3o<\/h2>\n\n\n\n<p>Na semana de 13 a 19 de setembro, o pa\u00eds tinha cerca de 46,3 milh\u00f5es de estudantes que frequentavam escolas ou universidades. Desses, 13,7%, ou 6,3 milh\u00f5es, n\u00e3o tiveram atividades escolares na terceira semana de setembro. Esse contingente ficou estatisticamente est\u00e1vel em rela\u00e7\u00e3o \u00e0 semana anterior de 6,8 milh\u00f5es ou 14,7% dos estudantes, mas caiu frente \u00e0 semana de 28 de junho a 4 de julho, de 9 milh\u00f5es ou 20% dos estudantes.<\/p>\n\n\n\n<p>Entre os 39,5 milh\u00f5es de estudantes que tiveram atividades escolares na terceira semana de setembro, 26,2 milh\u00f5es, ou 66,3%, tiveram atividades em cinco dias da semana, mantendo estabilidade frente \u00e0 semana anterior, que era de 25,5 milh\u00f5es, ou 65,4%.<\/p>\n\n\n\n<p>Edi\u00e7\u00e3o: Fernando Fraga<\/p>\n","protected":false},"excerpt":{"rendered":"<p>Cerca de 5,1 milh\u00f5es de pessoas interromperam o isolamento Por Ana Cristina Campos \u2013 Rep\u00f3rter<\/p>\n","protected":false},"author":2,"featured_media":2341,"comment_status":"open","ping_status":"open","sticky":false,"template":"","format":"standard","meta":{"footnotes":""},"categories":[17],"tags":[],"class_list":["post-2340","post","type-post","status-publish","format-standard","has-post-thumbnail","hentry","category-outras-noticias"],"_links":{"self":[{"href":"https:\/\/tvc16.com\/portal\/wp-json\/wp\/v2\/posts\/2340","targetHints":{"allow":["GET"]}}],"collection":[{"href":"https:\/\/tvc16.com\/portal\/wp-json\/wp\/v2\/posts"}],"about":[{"href":"https:\/\/tvc16.com\/portal\/wp-json\/wp\/v2\/types\/post"}],"author":[{"embeddable":true,"href":"https:\/\/tvc16.com\/portal\/wp-json\/wp\/v2\/users\/2"}],"replies":[{"embeddable":true,"href":"https:\/\/tvc16.com\/portal\/wp-json\/wp\/v2\/comments?post=2340"}],"version-history":[{"count":1,"href":"https:\/\/tvc16.com\/portal\/wp-json\/wp\/v2\/posts\/2340\/revisions"}],"predecessor-version":[{"id":2342,"href":"https:\/\/tvc16.com\/portal\/wp-json\/wp\/v2\/posts\/2340\/revisions\/2342"}],"wp:featuredmedia":[{"embeddable":true,"href":"https:\/\/tvc16.com\/portal\/wp-json\/wp\/v2\/media\/2341"}],"wp:attachment":[{"href":"https:\/\/tvc16.com\/portal\/wp-json\/wp\/v2\/media?parent=2340"}],"wp:term":[{"taxonomy":"category","embeddable":true,"href":"https:\/\/tvc16.com\/portal\/wp-json\/wp\/v2\/categories?post=2340"},{"taxonomy":"post_tag","embeddable":true,"href":"https:\/\/tvc16.com\/portal\/wp-json\/wp\/v2\/tags?post=2340"}],"curies":[{"name":"wp","href":"https:\/\/api.w.org\/{rel}","templated":true}]}}