{"id":2347,"date":"2020-10-09T18:01:37","date_gmt":"2020-10-09T18:01:37","guid":{"rendered":"https:\/\/tvc16.com\/portal\/?p=2347"},"modified":"2020-10-09T18:01:37","modified_gmt":"2020-10-09T18:01:37","slug":"a-micro-e-pequena-empresa-e-a-teia-que-sustenta-qualquer-pais-afirma-presidente-do-sebrae","status":"publish","type":"post","link":"https:\/\/tvc16.com\/portal\/2020\/10\/09\/a-micro-e-pequena-empresa-e-a-teia-que-sustenta-qualquer-pais-afirma-presidente-do-sebrae\/","title":{"rendered":"A micro e pequena empresa \u00e9 a teia que sustenta qualquer pa\u00eds\u201d, afirma presidente do Sebrae"},"content":{"rendered":"\n<p>Prestes a completar 50 anos, o Servi\u00e7o Brasileiro de Apoio \u00e0s Micro e Pequenas Empresas (Sebrae) parte para um grande desafio em 2020: inserir nas propostas de governo das elei\u00e7\u00f5es municipais o empreendedorismo como uma das pautas priorit\u00e1rias. Apesar de ser uma iniciativa pensada h\u00e1 um tempo, este ano trouxe um novo cen\u00e1rio. Com a pandemia do novo coronav\u00edrus, n\u00e3o foi s\u00f3 a sa\u00fade que entrou em colapso. A economia sofreu duros impactos e os micro e pequenos neg\u00f3cios, foco da entidade, podem ser uma solu\u00e7\u00e3o para uma retomada no setor.&nbsp;<\/p>\n\n\n\n<p>\u201cA micro e pequena empresa, no Brasil e no mundo inteiro, \u00e9 a teia que sustenta qualquer pa\u00eds. \u00c9 a padaria, a loja de roupa, todos os segmentos da sociedade. O Brasil vem aperfei\u00e7oando esse ambiente de melhoria de conviv\u00eancia com a micro e pequena empresa\u201d, garante o presidente do Sebrae, Carlos Melles.&nbsp;<\/p>\n\n\n\n<p>O Sebrae representa, hoje, cerca de sete milh\u00f5es de micro e pequenas empresas e 11 milh\u00f5es de microempreendedores individuais (MEIs). \u201cNesse setor, tamb\u00e9m se fatura aproximadamente 30% da riqueza do Brasil e emprega 55% dos brasileiros com carteira assinada\u201d, calcula o presidente.&nbsp;<\/p>\n\n\n\n<p>Em entrevista exclusiva para o portal Brasil61.com, o presidente afirma que a pandemia deu um \u201cchacoalh\u00e3o\u201d nos brasileiros, mas que \u00e9 poss\u00edvel reconstruir. &nbsp;\u201cAs pesquisas do Sebrae me levam a ficar otimista com a retomada. Quando voc\u00ea come\u00e7a a retomar contrata\u00e7\u00e3o, quando voc\u00ea busca mais cr\u00e9dito, h\u00e1 uma expectativa de crescimento. Al\u00e9m disso, o estoque de d\u00edvida diminuindo tamb\u00e9m deu um \u2018chacoalh\u00e3o\u2019 que vai mudar muito a vida do pequeno e do microempres\u00e1rio.\u201d&nbsp;<\/p>\n\n\n\n<p>O momento atual, segundo ele, \u00e9 de reflex\u00e3o. \u201cA partir de agora, trazer mais aten\u00e7\u00e3o e zelo com o cliente. Os protocolos est\u00e3o levando para esse lado, de fidelizar o cliente. Ter cuidado com higieniza\u00e7\u00e3o dos produtos, com a vida dos funcion\u00e1rios, tudo isso pode te dar agora uma resposta na sa\u00edda da pandemia.&nbsp;<\/p>\n\n\n\n<p>Melles revela que apostou em a\u00e7\u00f5es conjuntas na pandemia. \u201cO melhor ativo que tivemos foi a capacidade de nos adaptarmos ao digital, esse talvez tenha sido umas mudan\u00e7as mais importantes para as micro e pequenas empresas no Brasil. Aliado a isso, fizemos parcerias com grandes plataformas. Outro diferencial foi fazermos uma campanha maci\u00e7a incentivando as pessoas a comprarem dos pequenos, no bairro, de quem est\u00e1 perto de voc\u00ea. E o Brasil teve uma grande felicidade de n\u00e3o ter nenhuma crise de abastecimento. Quantidade, qualidade, bons pre\u00e7os, isso deu tranquilidade e paz\u201d, avalia.&nbsp;<\/p>\n\n\n\n<p>Al\u00e9m de falar de cr\u00e9dito e de pol\u00edticas p\u00fablicas voltadas para micro e pequenos empreendedores, Carlos Melles, em bate-papo exclusivo com o portal, falou tamb\u00e9m sobre o lan\u00e7amento do documento \u201cSeja um candidato empreendedor \u2013 10 dicas do Sebrae\u201d, desenvolvido com v\u00e1rios parceiros. A ideia do guia \u00e9 inserir pautas voltadas ao empreendedorismo nas campanhas eleitorais, contribuindo com solu\u00e7\u00f5es j\u00e1 testadas e aprovadas em todo o Brasil, e colocar prefeitos (as) e vereadores (as) em posi\u00e7\u00e3o proativa, vision\u00e1ria e comprometida com os cidad\u00e3os e com as contas p\u00fablicas.<\/p>\n\n\n\n<p>\u201cO Sebrae tem programas muito interessantes. Por exemplo, temos o Prefeito Empreendedor. Nas elei\u00e7\u00f5es, n\u00f3s ousamos um pouquinho em n\u00e3o procurar prefeitos e vereadores depois de eleitos, mas procurar os candidatos para eles discutirem na campanha o empreendedorismo\u201d, adianta Melles. \u201cQueremos provocar as micro e pequenas empresas, o cidad\u00e3o a buscar o candidato que esteja mais comprometido com o desenvolvimento do munic\u00edpio, com a gera\u00e7\u00e3o de emprego e renda e com a prosperidade\u201d, justifica.&nbsp;<\/p>\n\n\n\n<p>Entre as dicas do documento, est\u00e3o a de fortalecer a identidade do munic\u00edpio, desburocratizar e simplificar, qualificar quem mais precisa e gerar mais empregos. &nbsp;<\/p>\n\n\n\n<p>Fonte: Brasil 61<\/p>\n","protected":false},"excerpt":{"rendered":"<p>Prestes a completar 50 anos, o Servi\u00e7o Brasileiro de Apoio \u00e0s Micro e Pequenas Empresas<\/p>\n","protected":false},"author":2,"featured_media":2348,"comment_status":"open","ping_status":"open","sticky":false,"template":"","format":"standard","meta":{"footnotes":""},"categories":[18],"tags":[],"class_list":["post-2347","post","type-post","status-publish","format-standard","has-post-thumbnail","hentry","category-economia"],"_links":{"self":[{"href":"https:\/\/tvc16.com\/portal\/wp-json\/wp\/v2\/posts\/2347","targetHints":{"allow":["GET"]}}],"collection":[{"href":"https:\/\/tvc16.com\/portal\/wp-json\/wp\/v2\/posts"}],"about":[{"href":"https:\/\/tvc16.com\/portal\/wp-json\/wp\/v2\/types\/post"}],"author":[{"embeddable":true,"href":"https:\/\/tvc16.com\/portal\/wp-json\/wp\/v2\/users\/2"}],"replies":[{"embeddable":true,"href":"https:\/\/tvc16.com\/portal\/wp-json\/wp\/v2\/comments?post=2347"}],"version-history":[{"count":1,"href":"https:\/\/tvc16.com\/portal\/wp-json\/wp\/v2\/posts\/2347\/revisions"}],"predecessor-version":[{"id":2349,"href":"https:\/\/tvc16.com\/portal\/wp-json\/wp\/v2\/posts\/2347\/revisions\/2349"}],"wp:featuredmedia":[{"embeddable":true,"href":"https:\/\/tvc16.com\/portal\/wp-json\/wp\/v2\/media\/2348"}],"wp:attachment":[{"href":"https:\/\/tvc16.com\/portal\/wp-json\/wp\/v2\/media?parent=2347"}],"wp:term":[{"taxonomy":"category","embeddable":true,"href":"https:\/\/tvc16.com\/portal\/wp-json\/wp\/v2\/categories?post=2347"},{"taxonomy":"post_tag","embeddable":true,"href":"https:\/\/tvc16.com\/portal\/wp-json\/wp\/v2\/tags?post=2347"}],"curies":[{"name":"wp","href":"https:\/\/api.w.org\/{rel}","templated":true}]}}