{"id":2354,"date":"2020-10-09T18:20:13","date_gmt":"2020-10-09T18:20:13","guid":{"rendered":"https:\/\/tvc16.com\/portal\/?p=2354"},"modified":"2020-10-09T18:20:13","modified_gmt":"2020-10-09T18:20:13","slug":"programa-mundial-de-alimentos-da-onu-ganha-nobel-da-paz","status":"publish","type":"post","link":"https:\/\/tvc16.com\/portal\/2020\/10\/09\/programa-mundial-de-alimentos-da-onu-ganha-nobel-da-paz\/","title":{"rendered":"Programa Mundial de Alimentos da ONU ganha Nobel da Paz"},"content":{"rendered":"\n<p>Pr\u00eamio foi concedido por combate \u00e0 fome e atua\u00e7\u00e3o em \u00e1reas de conflito<\/p>\n\n\n\n<h4 class=\"wp-block-heading\">Por Reuters &#8211; Oslo<\/h4>\n\n\n\n<figure class=\"wp-block-image\"><a href=\"https:\/\/br.reuters.com\/\" target=\"_blank\" rel=\"noreferrer noopener\"><img decoding=\"async\" src=\"https:\/\/agenciabrasil.ebc.com.br\/sites\/default\/files\/styles\/269x0\/public\/logo_parceiros\/logo_reuters.jpg?itok=1pP189Lc\" alt=\"Reuters\"\/><\/a><\/figure>\n\n\n\n<p>O Programa Mundial de Alimentos (PMA) da Organiza\u00e7\u00e3o das Na\u00e7\u00f5es Unidas (ONU) conquistou o Pr\u00eamio Nobel da Paz nesta sexta-feira (9) por seus esfor\u00e7os para combater a fome e melhorar as condi\u00e7\u00f5es para a paz em \u00e1reas atingidas por conflitos.<img decoding=\"async\" src=\"https:\/\/agenciabrasil.ebc.com.br\/ebc.png?id=1390205&amp;o=node\"><img decoding=\"async\" src=\"https:\/\/agenciabrasil.ebc.com.br\/ebc.gif?id=1390205&amp;o=node\"><\/p>\n\n\n\n<p>A entidade, sediada em Roma, afirma que ajuda 97 milh\u00f5es de pessoas em cerca de 88 pa\u00edses todos os anos, e que uma em cada nove pessoas no mundo ainda n\u00e3o tem o suficiente para comer.<\/p>\n\n\n\n<p>&#8220;A necessidade de solidariedade internacional e coopera\u00e7\u00e3o multilateral \u00e9 mais not\u00e1vel do que nunca&#8221;, disse a presidente&nbsp;do Comit\u00ea Noruegu\u00eas do Nobel, Berit Reiss-Andersen, em entrevista coletiva.<\/p>\n\n\n\n<p>O pr\u00eamio \u00e9 de 10 milh\u00f5es de coroas suecas, ou cerca de US$ 1,1 milh\u00e3o, e ser\u00e1 entregue em Oslo no dia 10 de dezembro.<\/p>\n\n\n\n<h2 class=\"wp-block-heading\">PMA<\/h2>\n\n\n\n<p>O diretor executivo do Programa Mundial de Alimentos, David Beasley, disse que a entidade est\u00e1 &#8220;profundamente honrada&#8221; com a conquista do pr\u00eamio&nbsp;deste ano.&nbsp;<\/p>\n\n\n\n<p>&#8220;Este \u00e9 um reconhecimento incr\u00edvel da dedica\u00e7\u00e3o da fam\u00edlia do PMA, trabalhando todos os dias para acabar com a fome em mais de 80 pa\u00edses&#8221;, escreveu Beasley&nbsp;no Twitter.<\/p>\n","protected":false},"excerpt":{"rendered":"<p>Pr\u00eamio foi concedido por combate \u00e0 fome e atua\u00e7\u00e3o em \u00e1reas de conflito Por Reuters<\/p>\n","protected":false},"author":2,"featured_media":2355,"comment_status":"open","ping_status":"open","sticky":false,"template":"","format":"standard","meta":{"footnotes":""},"categories":[22],"tags":[],"class_list":["post-2354","post","type-post","status-publish","format-standard","has-post-thumbnail","hentry","category-internacional"],"_links":{"self":[{"href":"https:\/\/tvc16.com\/portal\/wp-json\/wp\/v2\/posts\/2354","targetHints":{"allow":["GET"]}}],"collection":[{"href":"https:\/\/tvc16.com\/portal\/wp-json\/wp\/v2\/posts"}],"about":[{"href":"https:\/\/tvc16.com\/portal\/wp-json\/wp\/v2\/types\/post"}],"author":[{"embeddable":true,"href":"https:\/\/tvc16.com\/portal\/wp-json\/wp\/v2\/users\/2"}],"replies":[{"embeddable":true,"href":"https:\/\/tvc16.com\/portal\/wp-json\/wp\/v2\/comments?post=2354"}],"version-history":[{"count":1,"href":"https:\/\/tvc16.com\/portal\/wp-json\/wp\/v2\/posts\/2354\/revisions"}],"predecessor-version":[{"id":2356,"href":"https:\/\/tvc16.com\/portal\/wp-json\/wp\/v2\/posts\/2354\/revisions\/2356"}],"wp:featuredmedia":[{"embeddable":true,"href":"https:\/\/tvc16.com\/portal\/wp-json\/wp\/v2\/media\/2355"}],"wp:attachment":[{"href":"https:\/\/tvc16.com\/portal\/wp-json\/wp\/v2\/media?parent=2354"}],"wp:term":[{"taxonomy":"category","embeddable":true,"href":"https:\/\/tvc16.com\/portal\/wp-json\/wp\/v2\/categories?post=2354"},{"taxonomy":"post_tag","embeddable":true,"href":"https:\/\/tvc16.com\/portal\/wp-json\/wp\/v2\/tags?post=2354"}],"curies":[{"name":"wp","href":"https:\/\/api.w.org\/{rel}","templated":true}]}}