{"id":2357,"date":"2020-10-09T18:21:37","date_gmt":"2020-10-09T18:21:37","guid":{"rendered":"https:\/\/tvc16.com\/portal\/?p=2357"},"modified":"2020-10-09T18:21:37","modified_gmt":"2020-10-09T18:21:37","slug":"casos-de-covid-19-batem-recorde-na-franca","status":"publish","type":"post","link":"https:\/\/tvc16.com\/portal\/2020\/10\/09\/casos-de-covid-19-batem-recorde-na-franca\/","title":{"rendered":"Casos de covid-19 batem recorde na Fran\u00e7a"},"content":{"rendered":"\n<p>N\u00famero permaneceu acima da marca recorde de 18 mil casos pelo 2\u00ba dia<\/p>\n\n\n\n<h4 class=\"wp-block-heading\">Por Benoit Van Overstraeten &#8211; Rep\u00f3rter da Reuters &#8211; Paris<\/h4>\n\n\n\n<p>As novas infec\u00e7\u00f5es di\u00e1rias por covid-19 na Fran\u00e7a permaneceram acima da marca recorde de 18 mil pelo segundo dia consecutivo nessa&nbsp;quinta-feira (8). O n\u00famero de pessoas doentes sendo tratadas em hospitais tamb\u00e9m aumentou.<img decoding=\"async\" src=\"https:\/\/agenciabrasil.ebc.com.br\/ebc.png?id=1390206&amp;o=node\"><img decoding=\"async\" src=\"https:\/\/agenciabrasil.ebc.com.br\/ebc.gif?id=1390206&amp;o=node\"><\/p>\n\n\n\n<p>Os n\u00fameros foram divulgados pouco antes de o ministro da Sa\u00fade do pa\u00eds, Olivier Veran, anunciar, em entrevista coletiva, novas restri\u00e7\u00f5es para conter a doen\u00e7a.<\/p>\n\n\n\n<p>Os hospitais da regi\u00e3o de Paris entraram em situa\u00e7\u00e3o de emerg\u00eancia, cancelando os feriados da equipe e adiando opera\u00e7\u00f5es n\u00e3o essenciais, uma vez que os pacientes com o novo coronav\u00edrus representavam quase metade de todos os pacientes em unidades de terapia intensiva (UTIs).<\/p>\n\n\n\n<p>Veran anunciou que as cidades de Lyon, Lille, Grenoble e Saint-Etienne ficar\u00e3o em alerta m\u00e1ximo para a covid-19, n\u00edvel alcan\u00e7ado por Paris e Marselha, a partir de&nbsp;s\u00e1bado&nbsp;(10), o que desencadear\u00e1 novas medidas para conter a circula\u00e7\u00e3o do novo coronav\u00edrus nessas cidades.<\/p>\n\n\n\n<p>Ele disse que a situa\u00e7\u00e3o em Toulousse e Montpellier tamb\u00e9m \u00e9 preocupante e que essas cidades tamb\u00e9m podem ir para o alerta m\u00e1ximo a partir de&nbsp;segunda&nbsp;(12). Dijon e Clermont-Ferrand podem ir para um n\u00edvel maior de alerta a partir de&nbsp;s\u00e1bado, acrescentou.&nbsp;&#8220;Infelizmente, a situa\u00e7\u00e3o na Fran\u00e7a continua a deteriorar&#8221;.&nbsp;<\/p>\n\n\n\n<p>O n\u00famero de pessoas internadas com a doen\u00e7a na Fran\u00e7a atingiu seu maior patamar em tr\u00eas meses, de 7.624, um salto de 88 casos em 24 horas. Esse total ainda \u00e9 menor do que o pico de&nbsp;14 de abril, de 32.292, mas est\u00e1 acima da m\u00ednima de&nbsp;29 de agosto, de 4.530.<\/p>\n\n\n\n<p>Havia mais 11 pacientes em UTIs com a doen\u00e7a, totalizando 1.427, uma contagem quase quatro vezes maior do que a m\u00ednima de&nbsp;31 de julho, de 371.<\/p>\n\n\n\n<p>O n\u00famero de pessoas que morreram de covid-19 na Fran\u00e7a aumentou em 76, n\u00famero superior \u00e0 m\u00e9dia m\u00f3vel de sete dias, de 73, e que agora totaliza 32.521 \u00f3bitos.<\/p>\n\n\n\n<p><\/p>\n","protected":false},"excerpt":{"rendered":"<p>N\u00famero permaneceu acima da marca recorde de 18 mil casos pelo 2\u00ba dia Por Benoit<\/p>\n","protected":false},"author":2,"featured_media":2358,"comment_status":"open","ping_status":"open","sticky":false,"template":"","format":"standard","meta":{"footnotes":""},"categories":[22],"tags":[],"class_list":["post-2357","post","type-post","status-publish","format-standard","has-post-thumbnail","hentry","category-internacional"],"_links":{"self":[{"href":"https:\/\/tvc16.com\/portal\/wp-json\/wp\/v2\/posts\/2357","targetHints":{"allow":["GET"]}}],"collection":[{"href":"https:\/\/tvc16.com\/portal\/wp-json\/wp\/v2\/posts"}],"about":[{"href":"https:\/\/tvc16.com\/portal\/wp-json\/wp\/v2\/types\/post"}],"author":[{"embeddable":true,"href":"https:\/\/tvc16.com\/portal\/wp-json\/wp\/v2\/users\/2"}],"replies":[{"embeddable":true,"href":"https:\/\/tvc16.com\/portal\/wp-json\/wp\/v2\/comments?post=2357"}],"version-history":[{"count":1,"href":"https:\/\/tvc16.com\/portal\/wp-json\/wp\/v2\/posts\/2357\/revisions"}],"predecessor-version":[{"id":2359,"href":"https:\/\/tvc16.com\/portal\/wp-json\/wp\/v2\/posts\/2357\/revisions\/2359"}],"wp:featuredmedia":[{"embeddable":true,"href":"https:\/\/tvc16.com\/portal\/wp-json\/wp\/v2\/media\/2358"}],"wp:attachment":[{"href":"https:\/\/tvc16.com\/portal\/wp-json\/wp\/v2\/media?parent=2357"}],"wp:term":[{"taxonomy":"category","embeddable":true,"href":"https:\/\/tvc16.com\/portal\/wp-json\/wp\/v2\/categories?post=2357"},{"taxonomy":"post_tag","embeddable":true,"href":"https:\/\/tvc16.com\/portal\/wp-json\/wp\/v2\/tags?post=2357"}],"curies":[{"name":"wp","href":"https:\/\/api.w.org\/{rel}","templated":true}]}}