{"id":2360,"date":"2020-10-09T18:31:24","date_gmt":"2020-10-09T18:31:24","guid":{"rendered":"https:\/\/tvc16.com\/portal\/?p=2360"},"modified":"2020-10-09T18:31:24","modified_gmt":"2020-10-09T18:31:24","slug":"auxilio-emergencial-reduziu-a-pobreza-em-23","status":"publish","type":"post","link":"https:\/\/tvc16.com\/portal\/2020\/10\/09\/auxilio-emergencial-reduziu-a-pobreza-em-23\/","title":{"rendered":"Aux\u00edlio emergencial reduziu a pobreza em 23%"},"content":{"rendered":"\n<p>FGV diz que 15 milh\u00f5es de brasileiros sa\u00edram da linha da pobreza<\/p>\n\n\n\n<h4 class=\"wp-block-heading\">Por Akemi Nitahara \u2013 Rep\u00f3rter da Ag\u00eancia Brasil &#8211; Rio de Janeiro<\/h4>\n\n\n\n<p>Em meio \u00e0 pandemia da covid-19, o aux\u00edlio emergencial contribuiu para a queda tempor\u00e1ria da pobreza no Brasil. Segundo o estudo Covid, Classes Econ\u00f4micas e o Caminho do Meio: Cr\u00f4nica da Crise at\u00e9 Agosto de 2020, divulgado hoje (9) pelo Centro de Pol\u00edticas Sociais da Funda\u00e7\u00e3o Getulio Vargas (FGV Social), 15 milh\u00f5es de brasileiros sa\u00edram da linha da pobreza at\u00e9 agosto de 2020, uma queda de 23,7%. A compara\u00e7\u00e3o \u00e9 feita com os dados fechados de 2019.<img decoding=\"async\" src=\"https:\/\/agenciabrasil.ebc.com.br\/ebc.png?id=1390235&amp;o=node\"><img decoding=\"async\" src=\"https:\/\/agenciabrasil.ebc.com.br\/ebc.gif?id=1390235&amp;o=node\"><\/p>\n\n\n\n<p>De acordo com a defini\u00e7\u00e3o usada pela FGV, a pobreza \u00e9 caracterizada pela renda domiciliar per capita de at\u00e9 meio sal\u00e1rio m\u00ednimo (R$ 522,50).&nbsp;<\/p>\n\n\n\n<p>Segundo o coordenador da pesquisa, Marcelo Neri, apesar de o pa\u00eds ainda registrar 50 milh\u00f5es de pobres ap\u00f3s esta queda, este \u00e9 o n\u00edvel mais baixo de toda a s\u00e9rie estat\u00edstica.<\/p>\n\n\n\n<p>\u201cDe maneira geral, a gente observou um boom social in\u00e9dito, mesmo comparando com per\u00edodos p\u00f3s-estabiliza\u00e7\u00e3o, que foram per\u00edodos de boom social. Em toda a s\u00e9rie estat\u00edstica a pobreza nunca esteve num n\u00edvel t\u00e3o baixo, s\u00e3o 50 milh\u00f5es de brasileiros. A queda foi realmente in\u00e9dita, de acordo com as s\u00e9ries estat\u00edsticas\u201d.<\/p>\n\n\n\n<p>A redu\u00e7\u00e3o de pobreza chegou a 30,4% na Regi\u00e3o Nordeste e a 27,5% no Norte do pa\u00eds. No Sul, a redu\u00e7\u00e3o foi de 13,9%; no Sudeste de 14,2% e no Centro-Oeste a queda na pobreza chegou a 21,7%.&nbsp;<\/p>\n\n\n\n<p>Segundo a FGV Social, essas regi\u00f5es t\u00eam maiores parcelas do p\u00fablico-alvo do Aux\u00edlio Emergencial. \u201cO Brasil, nos nove meses do aux\u00edlio emergencial, at\u00e9 o final do ano, pretende gastar R$ 322 bilh\u00f5es, cerca de nove meses s\u00e3o nove anos de Bolsa Fam\u00edlia, uma inje\u00e7\u00e3o de recursos bastante substantivo\u201d, destaca o pesquisador.<\/p>\n\n\n\n<h2 class=\"wp-block-heading\">Mercado de trabalho<\/h2>\n\n\n\n<p>Por outro lado, Neri disse que as camadas com renda acima de dois sal\u00e1rios m\u00ednimos per capita perderam 4,8 milh\u00f5es de pessoas na pandemia e os dados do mercado de trabalho demonstram forte retra\u00e7\u00e3o.<\/p>\n\n\n\n<p>\u201cHouve uma queda de renda de 20%. O \u00edndice de Gini teve um aumento muito forte, que \u00e9 o \u00edndice de desigualdade. A renda do trabalho da metade mais pobre caiu 28%. Ent\u00e3o guarda um certo paradoxo na pesquisa. As rendas de todas as fontes tiveram um aumento espetacular, principalmente na base da distribui\u00e7\u00e3o, enquanto a renda do trabalho, que deveria ser a principal renda das pessoas, teve uma queda igualmente espetacular, especialmente tamb\u00e9m na base da distribui\u00e7\u00e3o. O que explica esse paradoxo \u00e9 a atua\u00e7\u00e3o do aux\u00edlio emergencial, que atingiu no seu pico com 67 milh\u00f5es de brasileiros\u201d.<\/p>\n\n\n\n<p>Com a queda no topo e a subida na base das classes de renda, as camadas intermedi\u00e1rias tiveram um aumento de 21,4 milh\u00f5es de pessoas, o que equivale \u00e0 quase metade da popula\u00e7\u00e3o da Argentina. Neri lembra que a diminui\u00e7\u00e3o na pobreza \u00e9 tempor\u00e1ria e tende a ser totalmente revertida ap\u00f3s o fim do aux\u00edlio emergencial.<\/p>\n\n\n\n<p>\u201cO boom social ocorrido em plena pandemia \u00e9 surpreendente, mas enseja uma preocupa\u00e7\u00e3o, porque a sua principal causa, que \u00e9 o aux\u00edlio emergencial, generoso, que foi concedido, ele cai \u00e0 metade agora em outubro, e depois \u00e9 totalmente extinto em 31 dezembro. Ent\u00e3o, a nossa estimativa \u00e9 que esses 15 milh\u00f5es que sa\u00edram da pobreza v\u00e3o voltar \u00e0 velha pobreza de maneira relativamente r\u00e1pida. Isso equivale a cerca de meia Venezuela em termos populacionais\u201d, disse o pesquisador.<\/p>\n\n\n\n<p>A pesquisa aponta tamb\u00e9m que ainda n\u00e3o foram definidos novos programas sociais para contornar a crise atual, bem como h\u00e1 \u201ccicatrizes trabalhistas de natureza mais permanente abertas pela crise\u201d.&nbsp;<\/p>\n\n\n\n<p>Al\u00e9m disso, a quest\u00e3o sanit\u00e1ria preocupa, j\u00e1 que o segmento mais pobre, p\u00fablico alvo do aux\u00edlio emergencial, tem taxas mais baixas de isolamento social, o que indica o impedimento das pessoas mais pobres em conseguirem exercer \u201ca\u00e7\u00f5es mais ajustadas \u00e0s necessidades impostas pela pandemia\u201d.<\/p>\n\n\n\n<p>Edi\u00e7\u00e3o: Fernando Fraga<\/p>\n","protected":false},"excerpt":{"rendered":"<p>FGV diz que 15 milh\u00f5es de brasileiros sa\u00edram da linha da pobreza Por Akemi Nitahara<\/p>\n","protected":false},"author":2,"featured_media":2361,"comment_status":"open","ping_status":"open","sticky":false,"template":"","format":"standard","meta":{"footnotes":""},"categories":[17],"tags":[],"class_list":["post-2360","post","type-post","status-publish","format-standard","has-post-thumbnail","hentry","category-outras-noticias"],"_links":{"self":[{"href":"https:\/\/tvc16.com\/portal\/wp-json\/wp\/v2\/posts\/2360","targetHints":{"allow":["GET"]}}],"collection":[{"href":"https:\/\/tvc16.com\/portal\/wp-json\/wp\/v2\/posts"}],"about":[{"href":"https:\/\/tvc16.com\/portal\/wp-json\/wp\/v2\/types\/post"}],"author":[{"embeddable":true,"href":"https:\/\/tvc16.com\/portal\/wp-json\/wp\/v2\/users\/2"}],"replies":[{"embeddable":true,"href":"https:\/\/tvc16.com\/portal\/wp-json\/wp\/v2\/comments?post=2360"}],"version-history":[{"count":1,"href":"https:\/\/tvc16.com\/portal\/wp-json\/wp\/v2\/posts\/2360\/revisions"}],"predecessor-version":[{"id":2362,"href":"https:\/\/tvc16.com\/portal\/wp-json\/wp\/v2\/posts\/2360\/revisions\/2362"}],"wp:featuredmedia":[{"embeddable":true,"href":"https:\/\/tvc16.com\/portal\/wp-json\/wp\/v2\/media\/2361"}],"wp:attachment":[{"href":"https:\/\/tvc16.com\/portal\/wp-json\/wp\/v2\/media?parent=2360"}],"wp:term":[{"taxonomy":"category","embeddable":true,"href":"https:\/\/tvc16.com\/portal\/wp-json\/wp\/v2\/categories?post=2360"},{"taxonomy":"post_tag","embeddable":true,"href":"https:\/\/tvc16.com\/portal\/wp-json\/wp\/v2\/tags?post=2360"}],"curies":[{"name":"wp","href":"https:\/\/api.w.org\/{rel}","templated":true}]}}