{"id":2370,"date":"2020-10-09T19:37:46","date_gmt":"2020-10-09T19:37:46","guid":{"rendered":"https:\/\/tvc16.com\/portal\/?p=2370"},"modified":"2020-10-09T19:37:46","modified_gmt":"2020-10-09T19:37:46","slug":"oi-ativa-sinal-5g-em-brasilia","status":"publish","type":"post","link":"https:\/\/tvc16.com\/portal\/2020\/10\/09\/oi-ativa-sinal-5g-em-brasilia\/","title":{"rendered":"Oi ativa sinal 5G em Bras\u00edlia"},"content":{"rendered":"\n<p>A Oi inaugurou esta semana a sua primeira opera\u00e7\u00e3o comercial de internet m\u00f3vel de quinta gera\u00e7\u00e3o (5G). O lan\u00e7amento foi no Plano Piloto de Bras\u00edlia, com a promessa de cobrir 80% da cidade com o sinal. Com isso, a Oi se junta \u00e0s rivais Claro e Vivo, que come\u00e7aram a ativar o 5G em S\u00e3o Paulo, Rio e mais algumas capitais do Pa\u00eds desde julho, e \u00e0 TIM, que est\u00e1 come\u00e7ando por algumas cidades do interior. A Vivo tamb\u00e9m est\u00e1 inaugurando a sua rede 5G nesta semana em Bras\u00edlia.<\/p>\n\n\n\n<p>As teles est\u00e3o oferecendo o 5G por meio da tecnologia DSS (compartilhamento din\u00e2mico de espectro, da sigla em ingl\u00eas), que pega &#8220;emprestado&#8221; um peda\u00e7o das faixas de radiofrequ\u00eancia nas quais j\u00e1 trafegam os sinais do 4G. O 5G DSS representa um avan\u00e7o na conex\u00e3o, mas ainda est\u00e1 abaixo da velocidade alta de navega\u00e7\u00e3o e da lat\u00eancia baixa, principais vantagens do 5G &#8220;definitivo&#8221;.<\/p>\n\n\n\n<p>Para isso acontecer, as operadoras dependem do leil\u00e3o das faixas de radiofrequ\u00eancia a ser realizado pela Ag\u00eancia Nacional de Telecomunica\u00e7\u00f5es (Anatel) na metade do ano que vem. S\u00f3 a partir da\u00ed o 5G &#8220;definitivo&#8221; vai deslanchar.<\/p>\n\n\n\n<p>Para viabilizar o 5G, a Oi conectou cerca de 300 sites (pequenas antenas, no formato de caixas de sapato, em cima dos postes) e os ancorou numa banda dedicada da frequ\u00eancia de 2,1 Ghz. O servi\u00e7o que est\u00e1 sendo lan\u00e7ado hoje oferece velocidade na transmiss\u00e3o de dados que podem chegar a 500 Mbps, segundo a Oi.<\/p>\n\n\n\n<p>Essa rede proporciona aos clientes melhores experi\u00eancias em aplica\u00e7\u00f5es de banda larga m\u00f3vel, como servi\u00e7os de streaming de alta resolu\u00e7\u00e3o, jogos em tempo real, al\u00e9m de permitir acesso \u00e0s redes sociais com upload de v\u00eddeos e fotos de maneira mais r\u00e1pida.<\/p>\n\n\n\n<p>Em termos de aparelhos, o Brasil tem apenas uma linha de smartphones compat\u00edvel com o 5G. Trata-se do Motorola Edge. A Oi est\u00e1 vendendo o modelo por R$ 5.499 parcelados em at\u00e9 12 vezes. Com a populariza\u00e7\u00e3o do 5G nos pr\u00f3ximos dois a tr\u00eas, uma nova leva de modelos deve chegar ao mercado nacional.<\/p>\n\n\n\n<p>O lan\u00e7amento da Oi aconteceu poucos meses antes de a operadora realizar o leil\u00e3o para venda das suas redes m\u00f3veis, que j\u00e1 tem ofertas vinculantes do cons\u00f3rcio formado pelas rivais TIM, Claro e Vivo, al\u00e9m da empresa de infraestrutura Highline do Brasil. Conforme sinalizou o presidente da Oi, Rodrigo Abreu, o processo de venda das redes m\u00f3veis n\u00e3o deixar\u00e1 a operadora de fora do futuro do 5G.<\/p>\n\n\n\n<p>&#8220;O tr\u00e1fego do nosso 5G em Bras\u00edlia passar\u00e1 pela rede de transporte de fibra \u00f3tica que a Oi tem e \u00e9 inigual\u00e1vel, com cerca de 400 mil quil\u00f4metros de extens\u00e3o. Essa rede ser\u00e1 fundamental para escoar o tr\u00e1fego do 5G do mercado como um todo quando a nova tecnologia for plenamente implementada no Brasil, ap\u00f3s o leil\u00e3o do espectro&#8221;, afirmou Abreu, em nota.<\/p>\n\n\n\n<p>Como o 5G vai requerer muito mais antenas e, como elas precisar\u00e3o estar conectadas a uma rede de fibra para dar conta da capacidade colossal de dados que o 5G requer, a rede nacional de transporte de dados da Oi funcionar\u00e1 como principal provedora de infraestrutura no Pa\u00eds, estimou Abreu.<\/p>\n","protected":false},"excerpt":{"rendered":"<p>A Oi inaugurou esta semana a sua primeira opera\u00e7\u00e3o comercial de internet m\u00f3vel de quinta<\/p>\n","protected":false},"author":1,"featured_media":2371,"comment_status":"open","ping_status":"open","sticky":false,"template":"","format":"standard","meta":{"footnotes":""},"categories":[16],"tags":[46,47,41,48],"class_list":["post-2370","post","type-post","status-publish","format-standard","has-post-thumbnail","hentry","category-colunistas","tag-5g","tag-brasilia","tag-tecnologia","tag-telefonia"],"_links":{"self":[{"href":"https:\/\/tvc16.com\/portal\/wp-json\/wp\/v2\/posts\/2370","targetHints":{"allow":["GET"]}}],"collection":[{"href":"https:\/\/tvc16.com\/portal\/wp-json\/wp\/v2\/posts"}],"about":[{"href":"https:\/\/tvc16.com\/portal\/wp-json\/wp\/v2\/types\/post"}],"author":[{"embeddable":true,"href":"https:\/\/tvc16.com\/portal\/wp-json\/wp\/v2\/users\/1"}],"replies":[{"embeddable":true,"href":"https:\/\/tvc16.com\/portal\/wp-json\/wp\/v2\/comments?post=2370"}],"version-history":[{"count":1,"href":"https:\/\/tvc16.com\/portal\/wp-json\/wp\/v2\/posts\/2370\/revisions"}],"predecessor-version":[{"id":2372,"href":"https:\/\/tvc16.com\/portal\/wp-json\/wp\/v2\/posts\/2370\/revisions\/2372"}],"wp:featuredmedia":[{"embeddable":true,"href":"https:\/\/tvc16.com\/portal\/wp-json\/wp\/v2\/media\/2371"}],"wp:attachment":[{"href":"https:\/\/tvc16.com\/portal\/wp-json\/wp\/v2\/media?parent=2370"}],"wp:term":[{"taxonomy":"category","embeddable":true,"href":"https:\/\/tvc16.com\/portal\/wp-json\/wp\/v2\/categories?post=2370"},{"taxonomy":"post_tag","embeddable":true,"href":"https:\/\/tvc16.com\/portal\/wp-json\/wp\/v2\/tags?post=2370"}],"curies":[{"name":"wp","href":"https:\/\/api.w.org\/{rel}","templated":true}]}}