{"id":24132,"date":"2021-11-09T14:55:43","date_gmt":"2021-11-09T17:55:43","guid":{"rendered":"https:\/\/tvc16.com\/portal\/?p=24132"},"modified":"2021-11-09T14:55:45","modified_gmt":"2021-11-09T17:55:45","slug":"pia-convoca-formiga-para-despedida-da-selecao-em-torneio-internacional","status":"publish","type":"post","link":"https:\/\/tvc16.com\/portal\/2021\/11\/09\/pia-convoca-formiga-para-despedida-da-selecao-em-torneio-internacional\/","title":{"rendered":"Pia convoca Formiga para despedida da sele\u00e7\u00e3o em Torneio Internacional"},"content":{"rendered":"\n<p>A volante Formiga\u00a0ter\u00e1 direito a uma partida de despedida da sele\u00e7\u00e3o brasileira. A veterana, de 43 anos, foi convocada nesta\u00a0ter\u00e7a-feira (9) pela t\u00e9cnica Pia Sundhage para o Torneio Internacional de Futebol Feminino, que ser\u00e1 disputado entre os dias\u00a025 de novembro\u00a0e 1\u00ba de dezembro em Manaus, na Arena da Amaz\u00f4nia. A treinadora chamou 24 jogadoras para a competi\u00e7\u00e3o, que ser\u00e1 realizada em formato de quadrangular e tamb\u00e9m reunir\u00e1 \u00cdndia (dia 25), Venezuela (dia 28) e Chile (dia 1\u00ba), em hor\u00e1rios a serem confirmados.<\/p>\n\n\n\n<p>&#8220;Vamos fazer a despedida no primeiro jogo, contra a \u00cdndia. A Formiga \u00e9 uma das maiores jogadoras que o Brasil j\u00e1 teve. Esteve em praticamente todas as grandes competi\u00e7\u00f5es e Manaus poder\u00e1 estar junto e vivenciar este momento. Ela estar\u00e1 junto com a fam\u00edlia. Faremos uma grande festa para um dos \u00edcones da modalidade no pa\u00eds&#8221;, afirmou a coordenadora de sele\u00e7\u00f5es femininas da Confedera\u00e7\u00e3o Brasileira de Futebol (CBF), Duda Luizelli, em entrevista coletiva.<\/p>\n\n\n\n<p>A \u00faltima partida de Formiga pela sele\u00e7\u00e3o foi o empate sem gols com o Canad\u00e1, pelas quartas de final da Olimp\u00edada de T\u00f3quio (Jap\u00e3o) &#8211; as canadenses venceram nos p\u00eanaltis por 4 a 3. Ela foi substitu\u00edda aos 27 minutos do segundo tempo pela tamb\u00e9m volante Angelina, que \u00e9 23 anos mais nova. Foi o 233\u00ba jogo da camisa 8 pelo time brasileiro, que atualmente defende o S\u00e3o Paulo.<\/p>\n\n\n\n<p>A exce\u00e7\u00e3o do ataque, a predomin\u00e2ncia na convoca\u00e7\u00e3o de Pia \u00e9 de atletas de equipes do pa\u00eds. Entre goleiras, defensoras e meio-campistas, s\u00e3o 19 jogadoras, sendo que 14 delas atuam no futebol nacional. Atual vice-campe\u00e3o brasileiro, o Palmeiras tem cinco representantes, seguido pelo campe\u00e3o Corinthians (quatro), S\u00e3o Paulo (tr\u00eas), Santos e Gr\u00eamio (um cada).<\/p>\n\n\n\n<p>No ataque, as cinco jogadoras chamadas pela treinadora sueca competem no exterior. Duas delas (Kerolin e Geyse) defendem o Madrid CFF (Espanha), que divide com o Corinthians posto de segundo clube com mais convocadas (quatro). Al\u00e9m das atacantes, o time espanhol \u00e9 representado pelas zagueiras Antonia e Daiane.<\/p>\n\n\n\n<p>Ap\u00f3s dois jogos fora de casa (uma derrota por 3 a 1 e um empate em 2 a 2) com a Austr\u00e1lia, 11\u00aa colocada no ranking de sele\u00e7\u00f5es femininas da Federa\u00e7\u00e3o Internacional de Futebol (Fifa) e uma das principais for\u00e7as da modalidade, o Brasil, s\u00e9timo,\u00a0ter\u00e1 rivais menos tradicionais pela frente em Manaus. O Chile \u00e9 o advers\u00e1rio mais bem posicionado (37\u00ba). A Venezuela \u00e9 a 56\u00aa e a \u00cdndia a 57\u00aa. O torneio na capital amazonense \u00e9 o \u00faltimo compromisso da equipe canarinho em 2021.<\/p>\n\n\n\n<p>&#8220;O Brasil \u00e9 uma sele\u00e7\u00e3o t\u00e9cnica, sempre dizemos isso, mas temos de evoluir o passe final. Em alta velocidade, voc\u00ea precisa da posi\u00e7\u00e3o correta para isso. \u00c9 o pr\u00f3ximo passo. Espero que tenhamos a oportunidade de fazer isso. Al\u00e9m disso, podemos\u00a0ter\u00a0algumas jogadoras jovens aparecendo e aproveitando esse tipo de situa\u00e7\u00e3o. N\u00e3o importa contra quem voc\u00ea jogar, \u00e9 preciso respeitar a organiza\u00e7\u00e3o. Retomar a bola alta e encontrar o passe final&#8221;, disse Pia, tamb\u00e9m em entrevista coletiva.<\/p>\n\n\n\n<p>As partidas em Manaus marcam a volta do p\u00fablico aos jogos da sele\u00e7\u00e3o feminina. A \u00faltima partida com presen\u00e7a de torcedores foi a goleada por 4 a 0 sobre o M\u00e9xico, na Arena da Fonte Luminosa, em Araraquara (SP), em&nbsp;15 de dezembro&nbsp;de 2019, antes do in\u00edcio da pandemia do novo coronav\u00edrus (covid-19). De l\u00e1 para c\u00e1, a equipe nacional atuou quatro vezes no pa\u00eds, sempre com port\u00f5es fechados. Nos duelos&nbsp;de setembro&nbsp;contra a Argentina, em Jo\u00e3o Pessoa e Campina Grande (PB), foi permitida somente a entrada de convidados.<\/p>\n\n\n\n<p>&#8220;A arquibancada \u00e9 m\u00e1gica, principalmente nos dias de&nbsp;hoje. Naqueles jogos contra a Austr\u00e1lia, aquele cantinho da arquibancada onde estava reunida nossa torcida fez com que eu me sentisse brasileira. Um apoio absurdo. Ser\u00e1 mais um ponto de virada [ter&nbsp;a torcida]. N\u00e3o importa o tamanho, o importante \u00e9 proporcionarmos um espet\u00e1culo a essa plateia. A torcida poder\u00e1 aproveitar&#8221;, concluiu a treinadora.<\/p>\n\n\n\n<h2 class=\"wp-block-heading\">Convocadas<\/h2>\n\n\n\n<p><strong>Goleiras<\/strong>:&nbsp;Let\u00edcia (Benfica, de Portugal) e Lorena (Gr\u00eamio).<\/p>\n\n\n\n<p><strong>Defensoras:<\/strong>&nbsp;Tamires, Yasmim, \u00c9rika (as tr\u00eas Corinthians), Bruninha (Santos), Antonia, Daiane (ambas Madrid CFF), Katrine, Tainara (ambas Palmeiras) e Lauren (S\u00e3o Paulo).<\/p>\n\n\n\n<p><strong>Meio-campistas<\/strong>:&nbsp;Ary Borges, J\u00falia Bianchi, Tha\u00eds (as tr\u00eas Palmeiras), Angelina (OL Reign, dos Estados Unidos), Adriana (Corinthians), Ana Vit\u00f3ria (Benfica), Duda e Formiga (ambas S\u00e3o Paulo).<\/p>\n\n\n\n<p><strong>Atacantes<\/strong>:\u00a0Kerolin, Geyse (ambas Madrid CFF), Debinha (North Carolina Courage, dos EUA), Marta (Orlando Pride, dos EUA) e Giovana (Levante, da Espanha).<\/p>\n\n\n\n<p><\/p>\n\n\n\n<p><\/p>\n\n\n\n<p>Foto: Ag\u00eancia Brasil<\/p>\n\n\n\n<figure class=\"wp-block-image\"><img decoding=\"async\" src=\"https:\/\/agenciabrasil.ebc.com.br\/ebc.png?id=1426991&amp;o=node\" alt=\"\"\/><\/figure>\n\n\n\n<p><\/p>\n","protected":false},"excerpt":{"rendered":"<p>A volante Formiga\u00a0ter\u00e1 direito a uma partida de despedida da sele\u00e7\u00e3o brasileira. A veterana, de<\/p>\n","protected":false},"author":2,"featured_media":24133,"comment_status":"open","ping_status":"open","sticky":false,"template":"","format":"standard","meta":{"footnotes":""},"categories":[20,17],"tags":[],"class_list":["post-24132","post","type-post","status-publish","format-standard","has-post-thumbnail","hentry","category-esporte","category-outras-noticias"],"_links":{"self":[{"href":"https:\/\/tvc16.com\/portal\/wp-json\/wp\/v2\/posts\/24132","targetHints":{"allow":["GET"]}}],"collection":[{"href":"https:\/\/tvc16.com\/portal\/wp-json\/wp\/v2\/posts"}],"about":[{"href":"https:\/\/tvc16.com\/portal\/wp-json\/wp\/v2\/types\/post"}],"author":[{"embeddable":true,"href":"https:\/\/tvc16.com\/portal\/wp-json\/wp\/v2\/users\/2"}],"replies":[{"embeddable":true,"href":"https:\/\/tvc16.com\/portal\/wp-json\/wp\/v2\/comments?post=24132"}],"version-history":[{"count":1,"href":"https:\/\/tvc16.com\/portal\/wp-json\/wp\/v2\/posts\/24132\/revisions"}],"predecessor-version":[{"id":24134,"href":"https:\/\/tvc16.com\/portal\/wp-json\/wp\/v2\/posts\/24132\/revisions\/24134"}],"wp:featuredmedia":[{"embeddable":true,"href":"https:\/\/tvc16.com\/portal\/wp-json\/wp\/v2\/media\/24133"}],"wp:attachment":[{"href":"https:\/\/tvc16.com\/portal\/wp-json\/wp\/v2\/media?parent=24132"}],"wp:term":[{"taxonomy":"category","embeddable":true,"href":"https:\/\/tvc16.com\/portal\/wp-json\/wp\/v2\/categories?post=24132"},{"taxonomy":"post_tag","embeddable":true,"href":"https:\/\/tvc16.com\/portal\/wp-json\/wp\/v2\/tags?post=24132"}],"curies":[{"name":"wp","href":"https:\/\/api.w.org\/{rel}","templated":true}]}}