{"id":24135,"date":"2021-11-09T15:00:06","date_gmt":"2021-11-09T18:00:06","guid":{"rendered":"https:\/\/tvc16.com\/portal\/?p=24135"},"modified":"2021-11-09T15:00:09","modified_gmt":"2021-11-09T18:00:09","slug":"uerj-teresopolis-inscricoes-para-pos-graduacao-em-desenvolvimento-territorial-terminam-nesta-sexta-12","status":"publish","type":"post","link":"https:\/\/tvc16.com\/portal\/2021\/11\/09\/uerj-teresopolis-inscricoes-para-pos-graduacao-em-desenvolvimento-territorial-terminam-nesta-sexta-12\/","title":{"rendered":"UERJ Teres\u00f3polis: Inscri\u00e7\u00f5es para P\u00f3s-gradua\u00e7\u00e3o em Desenvolvimento Territorial terminam nesta sexta, 12"},"content":{"rendered":"\n<p>As inscri\u00e7\u00f5es para a P\u00f3s-Gradua\u00e7\u00e3o em Desenvolvimento Territorial, no Campus Teres\u00f3polis da Universidade do Estado do Rio de Janeiro (UERJ), terminam nesta sexta-feira, 12. O curso \u00e9 gratuito e tem dura\u00e7\u00e3o de 15 meses. A nova turma ser\u00e1 iniciada no 1\u00ba semestre de 2022. Informa\u00e7\u00f5es e inscri\u00e7\u00f5es:&nbsp;<a href=\"https:\/\/l.facebook.com\/l.php?u=http%3A%2F%2Fwww.dtur.uerj.br%2F%%203Ffbclid%3DIwAR0JHiv5iA8K2vLgSwrUSnNDhbr7Tddkv9ctJ3aY-jTIYbc8KZfa2dWO3Ew&amp;h=AT2ObtS0fPskFQixDBN0Wts8TZOQM8g-OLFCo9RfHNd6TyAD5Q5H88ZYOPpA8_LqCSeKxBAQVE6tF-2ST6gWkN6Pkct222CLdCEEieFilyhaiB1Bd-WnyEBuDL4UsRZsQrQ&amp;__tn__=-UK-R&amp;c%5b0%5d=AT1uj9P9ESXvoLi-w_n8pJ2W5qH0Nfk7u_9uMxWF9lFBxUSSaZK64s-gPnKARvt1Jp3TMm0L0793vTfy4_3O0bRHyZ5qytqh4SlDeEchJ56dZmdBO8lSl2A1pb-MqRaQ2cqnKu2X9L_l7A5yYWF_sB3fdItivOyE0JxJLBoZVXazazDpkOHW34YiDF8sSwjaPhu_fJL2Vw\" target=\"_blank\" rel=\"noreferrer noopener\">www.dtur.uerj.br<\/a>, e-mail&nbsp;<a href=\"mailto:ppgdt.uerj@gmail.com\" target=\"_blank\" rel=\"noreferrer noopener\">ppgdt.uerj@gmail.com<\/a>&nbsp;e telefone (21) 3641-0846\/5381.<\/p>\n\n\n\n<p>A especializa\u00e7\u00e3o tem como objetivo compreender as din\u00e2micas territoriais em diferentes escalas geogr\u00e1ficas e propor projetos interdisciplinares inovadores que transformem o territ\u00f3rio. O curso visa articular saberes e inst\u00e2ncias de poderes pol\u00edticos para promo\u00e7\u00e3o econ\u00f4mica e social, buscando a garantia da sustentabilidade socioambiental para a produ\u00e7\u00e3o e reprodu\u00e7\u00e3o do territ\u00f3rio, tanto no munic\u00edpio de Teres\u00f3polis quanto no estado do Rio de Janeiro.<\/p>\n\n\n\n<p><strong>P\u00fablico-alvo<\/strong><\/p>\n\n\n\n<p>Todos os profissionais que tenham em sua pr\u00e1tica cotidiana que lidar com o desenvolvimento territorial e com diversos tipos de redes para dissemina\u00e7\u00e3o de propostas de transforma\u00e7\u00e3o socioambientais, tecnol\u00f3gicas, culturais, pol\u00edticas e econ\u00f4micas. Os candidatos poder\u00e3o ser graduados em Geografia, Hist\u00f3ria, Turismo, Administra\u00e7\u00e3o, Pedagogia, Sociologia, Biologia, Engenharias, Agronomia, Enfermagem, Medicina, entre outras \u00e1reas.<\/p>\n\n\n\n<p><strong>Conv\u00eanio<\/strong><\/p>\n\n\n\n<p>A Prefeitura de Teres\u00f3polis, por meio da Secretaria Municipal de Ci\u00eancia e Tecnologia, possui Conv\u00eanio de M\u00fatua Coopera\u00e7\u00e3o com a Universidade do Estado do Rio de Janeiro (UERJ) para potencializar o Ensino Superior e Pesquisa em Teres\u00f3polis. Al\u00e9m da P\u00f3s-gradua\u00e7\u00e3o em Desenvolvimento Territorial, o Polo Teres\u00f3polis oferece os cursos de Geografia e de Pedagogia.<\/p>\n","protected":false},"excerpt":{"rendered":"<p>As inscri\u00e7\u00f5es para a P\u00f3s-Gradua\u00e7\u00e3o em Desenvolvimento Territorial, no Campus Teres\u00f3polis da Universidade do Estado<\/p>\n","protected":false},"author":2,"featured_media":24137,"comment_status":"open","ping_status":"open","sticky":false,"template":"","format":"standard","meta":{"footnotes":""},"categories":[19,17],"tags":[],"class_list":["post-24135","post","type-post","status-publish","format-standard","has-post-thumbnail","hentry","category-educacao","category-outras-noticias"],"_links":{"self":[{"href":"https:\/\/tvc16.com\/portal\/wp-json\/wp\/v2\/posts\/24135","targetHints":{"allow":["GET"]}}],"collection":[{"href":"https:\/\/tvc16.com\/portal\/wp-json\/wp\/v2\/posts"}],"about":[{"href":"https:\/\/tvc16.com\/portal\/wp-json\/wp\/v2\/types\/post"}],"author":[{"embeddable":true,"href":"https:\/\/tvc16.com\/portal\/wp-json\/wp\/v2\/users\/2"}],"replies":[{"embeddable":true,"href":"https:\/\/tvc16.com\/portal\/wp-json\/wp\/v2\/comments?post=24135"}],"version-history":[{"count":1,"href":"https:\/\/tvc16.com\/portal\/wp-json\/wp\/v2\/posts\/24135\/revisions"}],"predecessor-version":[{"id":24138,"href":"https:\/\/tvc16.com\/portal\/wp-json\/wp\/v2\/posts\/24135\/revisions\/24138"}],"wp:featuredmedia":[{"embeddable":true,"href":"https:\/\/tvc16.com\/portal\/wp-json\/wp\/v2\/media\/24137"}],"wp:attachment":[{"href":"https:\/\/tvc16.com\/portal\/wp-json\/wp\/v2\/media?parent=24135"}],"wp:term":[{"taxonomy":"category","embeddable":true,"href":"https:\/\/tvc16.com\/portal\/wp-json\/wp\/v2\/categories?post=24135"},{"taxonomy":"post_tag","embeddable":true,"href":"https:\/\/tvc16.com\/portal\/wp-json\/wp\/v2\/tags?post=24135"}],"curies":[{"name":"wp","href":"https:\/\/api.w.org\/{rel}","templated":true}]}}